{"id":1788,"date":"2025-04-17T15:51:40","date_gmt":"2025-04-17T13:51:40","guid":{"rendered":"https:\/\/www.ulcgtivry.fr\/blog\/?p=1788"},"modified":"2025-05-16T23:01:32","modified_gmt":"2025-05-16T21:01:32","slug":"1er-mai-2025-tous-et-toutes-place-ditalie-a-14-h","status":"publish","type":"post","link":"https:\/\/www.ulcgtivry.fr\/blog\/2025\/04\/1er-mai-2025-tous-et-toutes-place-ditalie-a-14-h\/","title":{"rendered":"1er Mai 2025 : tous et toutes Place d&rsquo;Italie \u00e0 14 h !"},"content":{"rendered":"<p><center><\/p>\n<h5>LA PAIX ENTRE LES PEUPLES ET LA GUERRE CONTRE LE CAPITAL<\/h5>\n<p><\/center><\/p>\n<p>On ne peut se soustraire aux r\u00e8gles budg\u00e9taires de l\u2019UE pour la sant\u00e9 ou l\u2019\u00e9ducation, mais on le peut pour acheter des missiles ou des avions de chasse. Soudainement, la magie capitaliste fait jaillir une manne infinie pour armer massivement le pays. Conform\u00e9ment aux suggestions de Van der Leyen, les d\u00e9penses d\u2019armement seront exclues du calcul du d\u00e9ficit public.<\/p>\n<p>\u00ab&nbsp;L\u2019Europe doit r\u00e9duire l\u2019Etat-Providence pour construire l\u2019\u00e9tat de guerre&nbsp;!&nbsp;\u00bb. Tout est dit et tout est annonc\u00e9, de la d\u00e9gradation des Services publics, \u00e0 celle des salaires et des conditions de travail. Et il faudrait, en plus, accepter cela comme une \u00e9vidence et sans moufter, ou au mieux, en n\u00e9gociant le poids des cha\u00eenes&nbsp;?!<\/p>\n<p>Anatole France rappelait : \u00ab&nbsp;on croit mourir pour la patrie, on meurt pour des industriels&nbsp;\u00bb. D\u2019ailleurs, signalons que les entreprises d\u2019armement voient leurs profits exploser. Thal\u00e8s a connu 31&nbsp;% de revalorisation du cours de ses actions depuis le d\u00e9but de l\u2019ann\u00e9e, 19&nbsp;% pour Dassault Aviation\u2026 <\/p>\n<p>La France participe pleinement aux strat\u00e9gies imp\u00e9rialistes \u00e0 l\u2019\u0153uvre, et les objectifs sont clairs&nbsp;: \u00e0 l\u2019ext\u00e9rieur, mettre la main sur les ressources naturelles (en Ukraine comme \u00e0 Gaza), et \u00e0 l\u2019int\u00e9rieur, soumettre les populations \u00e0 une casse sans pr\u00e9c\u00e9dent de nos droits (temps de travail, protection sociale, salaires, etc.) et des Services publics.<\/p>\n<p>Face \u00e0 ces capitalistes dont les profits valent plus que nos vies, nous ne devons compter que sur nous-m\u00eames. Alors qu\u2019on veut nous faire croire que les armes servent la paix, un comble&nbsp;! c\u2019est la prise de conscience collective et notre capacit\u00e9 \u00e0 combattre r\u00e9ellement ce syst\u00e8me qui nous permettront de construire la Paix entre les peuples. Luttons simultan\u00e9ment pour nos conquis sociaux, nos salaires et nos conditions de travail, ainsi que contre toute implication des travailleurs et travailleuses dans les guerres imp\u00e9rialistes.<\/p>\n\n<table id=\"tablepress-12\" class=\"tablepress tablepress-id-12 tbody-has-connected-cells\">\n<tbody class=\"row-hover\">\n<tr class=\"row-1\">\n\t<td colspan=\"2\" class=\"column-1\"><h6>T\u00e9l\u00e9chargez le tract d'appel \u00e0 la manifestation du 1er mai, montrons notre d\u00e9termination pour&nbsp;:<\/h6><\/td>\n<\/tr>\n<tr class=\"row-2\">\n\t<td class=\"column-1\"><ul><br \/>\n<li>exiger le financement des Services publics,<\/li><br \/>\n<li>l\u2019arr\u00eat du g\u00e9nocide \u00e0 Gaza et la mise en place de sanctions contre le gouvernement d\u2019extr\u00eame-droite de Netanyahou, <\/li><br \/>\n<li>l\u2019arr\u00eat de la livraison d\u2019armes et le retour des soldats fran\u00e7ais, <\/li><br \/>\n<li>la sortie de l\u2019OTAN, son d\u00e9mant\u00e8lement, et le refus d'une \u00ab&nbsp;Europe de la D\u00e9fense&nbsp;\u00bb, <\/li><br \/>\n<li>l\u2019exigence d\u2019un respect syst\u00e9matique des r\u00e9solutions internationales en faveur des droits des peuples.<\/li><br \/>\n<\/ul><br \/>\n<\/td><td class=\"column-2\"><br><br \/>\n<a href=\"https:\/\/ulcgtivry.fr\/\/blog\/wp-content\/uploads\/2025_uploads\/250417_Tract_1ermai.pdf\" target=\"_blank\"><img loading=\"lazy\" decoding=\"async\" src=\"https:\/\/ulcgtivry.fr\/\/blog\/wp-content\/uploads\/2025_uploads\/250417_Tract_1ermai.png\" alt=\" \" width=\"300\" height=\"250\"\/><\/a><br \/>\n<em>Cliquez sur l'image pour t\u00e9l\u00e9charger le tract.<\/em><\/td>\n<\/tr>\n<\/tbody>\n<\/table>\n<!-- #tablepress-12 from cache -->\n","protected":false},"excerpt":{"rendered":"<p>LA PAIX ENTRE LES PEUPLES ET LA GUERRE CONTRE LE CAPITAL On ne peut se soustraire aux r\u00e8gles budg\u00e9taires de l\u2019UE pour la sant\u00e9 ou&hellip; <\/p>\n","protected":false},"author":1,"featured_media":0,"comment_status":"closed","ping_status":"closed","sticky":false,"template":"","format":"standard","meta":{"ngg_post_thumbnail":0,"_jetpack_memberships_contains_paid_content":false,"footnotes":"","_links_to":"","_links_to_target":""},"categories":[4,61],"tags":[],"class_list":["post-1788","post","type-post","status-publish","format-standard","hentry","category-evenements","category-tracts"],"jetpack_featured_media_url":"","jetpack_sharing_enabled":true,"_links":{"self":[{"href":"https:\/\/www.ulcgtivry.fr\/blog\/wp-json\/wp\/v2\/posts\/1788","targetHints":{"allow":["GET"]}}],"collection":[{"href":"https:\/\/www.ulcgtivry.fr\/blog\/wp-json\/wp\/v2\/posts"}],"about":[{"href":"https:\/\/www.ulcgtivry.fr\/blog\/wp-json\/wp\/v2\/types\/post"}],"author":[{"embeddable":true,"href":"https:\/\/www.ulcgtivry.fr\/blog\/wp-json\/wp\/v2\/users\/1"}],"replies":[{"embeddable":true,"href":"https:\/\/www.ulcgtivry.fr\/blog\/wp-json\/wp\/v2\/comments?post=1788"}],"version-history":[{"count":3,"href":"https:\/\/www.ulcgtivry.fr\/blog\/wp-json\/wp\/v2\/posts\/1788\/revisions"}],"predecessor-version":[{"id":1800,"href":"https:\/\/www.ulcgtivry.fr\/blog\/wp-json\/wp\/v2\/posts\/1788\/revisions\/1800"}],"wp:attachment":[{"href":"https:\/\/www.ulcgtivry.fr\/blog\/wp-json\/wp\/v2\/media?parent=1788"}],"wp:term":[{"taxonomy":"category","embeddable":true,"href":"https:\/\/www.ulcgtivry.fr\/blog\/wp-json\/wp\/v2\/categories?post=1788"},{"taxonomy":"post_tag","embeddable":true,"href":"https:\/\/www.ulcgtivry.fr\/blog\/wp-json\/wp\/v2\/tags?post=1788"}],"curies":[{"name":"wp","href":"https:\/\/api.w.org\/{rel}","templated":true}]}}