{"id":1810,"date":"2025-04-17T17:57:56","date_gmt":"2025-04-17T15:57:56","guid":{"rendered":"https:\/\/www.ulcgtivry.fr\/blog\/?p=1810"},"modified":"2025-04-17T17:57:56","modified_gmt":"2025-04-17T15:57:56","slug":"ivry-en-fete","status":"publish","type":"post","link":"https:\/\/www.ulcgtivry.fr\/blog\/2025\/04\/ivry-en-fete\/","title":{"rendered":"Ivry en f\u00eate"},"content":{"rendered":"<p>Ivry en f\u00eate se tiendra les 21 et 22 juin. L\u2019union locale CGT y sera pr\u00e9sente avec des repr\u00e9sentant.es des syndicats implant\u00e9s sur Ivry, Charenton, Saint-Maurice, Maisons-Alfort et Alforville. <\/p>\n<p>Venez nous y retrouver pour \u00e9changer, conna\u00eetre vos droits, et plus encore &nbsp;! <\/p>\n<p>Plus d&rsquo;information \u00e0 venir&nbsp;!<\/p>\n","protected":false},"excerpt":{"rendered":"<p>Ivry en f\u00eate se tiendra les 21 et 22 juin. L\u2019union locale CGT y sera pr\u00e9sente avec des repr\u00e9sentant.es des syndicats implant\u00e9s sur Ivry, Charenton,&hellip; <\/p>\n","protected":false},"author":1,"featured_media":0,"comment_status":"closed","ping_status":"closed","sticky":false,"template":"","format":"standard","meta":{"ngg_post_thumbnail":0,"_jetpack_memberships_contains_paid_content":false,"footnotes":"","_links_to":"","_links_to_target":""},"categories":[3,4],"tags":[],"class_list":["post-1810","post","type-post","status-publish","format-standard","hentry","category-actualite","category-evenements"],"jetpack_featured_media_url":"","jetpack_sharing_enabled":true,"_links":{"self":[{"href":"https:\/\/www.ulcgtivry.fr\/blog\/wp-json\/wp\/v2\/posts\/1810","targetHints":{"allow":["GET"]}}],"collection":[{"href":"https:\/\/www.ulcgtivry.fr\/blog\/wp-json\/wp\/v2\/posts"}],"about":[{"href":"https:\/\/www.ulcgtivry.fr\/blog\/wp-json\/wp\/v2\/types\/post"}],"author":[{"embeddable":true,"href":"https:\/\/www.ulcgtivry.fr\/blog\/wp-json\/wp\/v2\/users\/1"}],"replies":[{"embeddable":true,"href":"https:\/\/www.ulcgtivry.fr\/blog\/wp-json\/wp\/v2\/comments?post=1810"}],"version-history":[{"count":2,"href":"https:\/\/www.ulcgtivry.fr\/blog\/wp-json\/wp\/v2\/posts\/1810\/revisions"}],"predecessor-version":[{"id":1812,"href":"https:\/\/www.ulcgtivry.fr\/blog\/wp-json\/wp\/v2\/posts\/1810\/revisions\/1812"}],"wp:attachment":[{"href":"https:\/\/www.ulcgtivry.fr\/blog\/wp-json\/wp\/v2\/media?parent=1810"}],"wp:term":[{"taxonomy":"category","embeddable":true,"href":"https:\/\/www.ulcgtivry.fr\/blog\/wp-json\/wp\/v2\/categories?post=1810"},{"taxonomy":"post_tag","embeddable":true,"href":"https:\/\/www.ulcgtivry.fr\/blog\/wp-json\/wp\/v2\/tags?post=1810"}],"curies":[{"name":"wp","href":"https:\/\/api.w.org\/{rel}","templated":true}]}}