{"id":1813,"date":"2025-04-19T18:22:15","date_gmt":"2025-04-19T16:22:15","guid":{"rendered":"https:\/\/www.ulcgtivry.fr\/blog\/?p=1813"},"modified":"2025-04-19T18:22:15","modified_gmt":"2025-04-19T16:22:15","slug":"journee-detude-legalite-au-travail-le-28-mai-2025","status":"publish","type":"post","link":"https:\/\/www.ulcgtivry.fr\/blog\/2025\/04\/journee-detude-legalite-au-travail-le-28-mai-2025\/","title":{"rendered":"Journ\u00e9e d&rsquo;\u00e9tude : l&rsquo;\u00e9galit\u00e9 au travail, le 28 mai 2025"},"content":{"rendered":"<h5>Participez \u00e0 la journ\u00e9e d&rsquo;\u00e9tude&nbsp;: l&rsquo;\u00e9galit\u00e9 au travail, le 28 mai 2025 de 9&nbsp;h \u00e0 17&nbsp;h <\/h5>\n<p><center>Maison d\u00e9partementale des syndicats, Michel Germa<br \/>\n11-13 rue des Archives \u00e0 Cr\u00e9teil<br \/>\nsalles 4-5, niveau 0B<\/center><\/p>\n<p><a href=\"https:\/\/ulcgtivry.fr\/\/blog\/wp-content\/uploads\/2025_uploads\/250410_Journee_etude_egalite.jpg\" target=\"_blank\"><img loading=\"lazy\" decoding=\"async\" src=\"https:\/\/ulcgtivry.fr\/\/blog\/wp-content\/uploads\/2025_uploads\/250410_Journee_etude_egalite.jpg\" alt=\"Journ\u00e9e d'\u00e9tude \u00e9galit\u00e9 au travail\" width=\"250\" height=\"300\" class=\"alignright\"\/><\/a>Les demandes de d\u00e9tachement sant \u00e0 d\u00e9poser \u00e0 votre employeur le 28 avril au plus tard.<br \/>\nInscription : <a href=\"mailto:formationsyndicale@cgt94.fr\">formationsyndicale@cgt94.fr<\/a><\/p>\n<p>\u00c9carts de salaires, \u00e9volutions de carri\u00e8res, temps partiels&#8230; en 2025, les travailleuses subissent encore de nombreuses situations d&rsquo;injustice tout au long de leur vie professionnelle.<br \/>\nQuels constats dresser aujourd&rsquo;hui, quels changements r\u00e9cents&nbsp;?<br \/>\nQuelles luttes devons-nous mener, toutes et tous ensemble, pour atteindre l&rsquo;\u00e9galit\u00e9 professionnelle&nbsp;?<\/p>\n<p>Avec Emmanuelle Lavignac, charg\u00e9e d&rsquo;enqu\u00eate \u00e0 IPSOS, secr\u00e9taire nationale de l&rsquo;UGICT-CGT et membre du Haut Conseil \u00e0 l\u2019\u00c9galit\u00e9, soyons nombreuses et nombreux \u00e0 \u00e9changer autour de ces enjeux de lutte et d&rsquo;\u00e9mancipation.<\/p>\n<p>&nbsp; <\/p>\n","protected":false},"excerpt":{"rendered":"<p>Participez \u00e0 la journ\u00e9e d&rsquo;\u00e9tude&nbsp;: l&rsquo;\u00e9galit\u00e9 au travail, le 28 mai 2025 de 9&nbsp;h \u00e0 17&nbsp;h Maison d\u00e9partementale des syndicats, Michel Germa 11-13 rue des&hellip; <\/p>\n","protected":false},"author":1,"featured_media":0,"comment_status":"closed","ping_status":"closed","sticky":false,"template":"","format":"standard","meta":{"ngg_post_thumbnail":0,"_jetpack_memberships_contains_paid_content":false,"footnotes":"","_links_to":"","_links_to_target":""},"categories":[5],"tags":[],"class_list":["post-1813","post","type-post","status-publish","format-standard","hentry","category-formation"],"jetpack_featured_media_url":"","jetpack_sharing_enabled":true,"_links":{"self":[{"href":"https:\/\/www.ulcgtivry.fr\/blog\/wp-json\/wp\/v2\/posts\/1813","targetHints":{"allow":["GET"]}}],"collection":[{"href":"https:\/\/www.ulcgtivry.fr\/blog\/wp-json\/wp\/v2\/posts"}],"about":[{"href":"https:\/\/www.ulcgtivry.fr\/blog\/wp-json\/wp\/v2\/types\/post"}],"author":[{"embeddable":true,"href":"https:\/\/www.ulcgtivry.fr\/blog\/wp-json\/wp\/v2\/users\/1"}],"replies":[{"embeddable":true,"href":"https:\/\/www.ulcgtivry.fr\/blog\/wp-json\/wp\/v2\/comments?post=1813"}],"version-history":[{"count":2,"href":"https:\/\/www.ulcgtivry.fr\/blog\/wp-json\/wp\/v2\/posts\/1813\/revisions"}],"predecessor-version":[{"id":1815,"href":"https:\/\/www.ulcgtivry.fr\/blog\/wp-json\/wp\/v2\/posts\/1813\/revisions\/1815"}],"wp:attachment":[{"href":"https:\/\/www.ulcgtivry.fr\/blog\/wp-json\/wp\/v2\/media?parent=1813"}],"wp:term":[{"taxonomy":"category","embeddable":true,"href":"https:\/\/www.ulcgtivry.fr\/blog\/wp-json\/wp\/v2\/categories?post=1813"},{"taxonomy":"post_tag","embeddable":true,"href":"https:\/\/www.ulcgtivry.fr\/blog\/wp-json\/wp\/v2\/tags?post=1813"}],"curies":[{"name":"wp","href":"https:\/\/api.w.org\/{rel}","templated":true}]}}