{"id":435,"date":"2022-06-08T20:58:36","date_gmt":"2022-06-08T18:58:36","guid":{"rendered":"https:\/\/www.ulcgtivry.fr\/blog\/?p=435"},"modified":"2022-06-11T16:46:33","modified_gmt":"2022-06-11T14:46:33","slug":"tout-augmente-sauf-nos-salaires","status":"publish","type":"post","link":"https:\/\/www.ulcgtivry.fr\/blog\/2022\/06\/tout-augmente-sauf-nos-salaires\/","title":{"rendered":"Augmenter les salaires, c&rsquo;est possible !"},"content":{"rendered":"<p><a href=\"https:\/\/www.ulcgtivry.fr\/blog\/wp-content\/uploads\/2022_uploads\/220608_Salaires.jpg\"><img loading=\"lazy\" decoding=\"async\" src=\"https:\/\/www.ulcgtivry.fr\/blog\/wp-content\/uploads\/2022_uploads\/220608_Salaires.jpg\" alt=\"Tout augmente sauf nos salaires\" width=\"400\" height=\"200\" class=\"alignright\"\/><\/a>Augmenter les salaires? vous n\u2019y pensez pas&#8230; \u201c\u00e7a freinerait la relance&#8230; la comp\u00e9titivit\u00e9&#8230;les cr\u00e9ations d\u2019emplois\u201d r\u00e9p\u00e8tent, inlassablement, les experts lib\u00e9raux, chiffres \u201cincontestables\u201d \u00e0 l\u2019appui, pour d\u00e9montrer qu\u2019il ne faut surtout pas de hausse.<br \/>\nUne bataille id\u00e9ologique intense&#8230;<br \/>\nLa puissante bataille id\u00e9ologique lib\u00e9rale pour freiner les revendications salariales s\u2019accompagne d\u2019une politique d\u2019individualisation des salaires et la mise en place de primes diverses. De plus, les restructurations ont \u00e9loign\u00e9 les salari\u00e9s des lieux de prises de d\u00e9cisions. Autant de freins pour aller chercher le fruit des richesses cr\u00e9\u00e9es par le travail.<\/p>\n<div style=\"text-align: right;\"><em> <small> Cliquer sur l&rsquo;image pour l&rsquo;agrandir, cliquer une nouvelle fois sur l&rsquo;image pour la r\u00e9duire. <\/small><\/em> <\/div>\n<p>&nbsp;<br \/>\nLire la suite sur le <a href=\"https:\/\/www.cgt.fr\/dossiers\/augmenter-les-salaires-cest-possible\">site de la CGT<\/a>.<\/p>\n","protected":false},"excerpt":{"rendered":"<p>Augmenter les salaires? vous n\u2019y pensez pas&#8230; \u201c\u00e7a freinerait la relance&#8230; la comp\u00e9titivit\u00e9&#8230;les cr\u00e9ations d\u2019emplois\u201d r\u00e9p\u00e8tent, inlassablement, les experts lib\u00e9raux, chiffres \u201cincontestables\u201d \u00e0 l\u2019appui, pour&hellip; <\/p>\n","protected":false},"author":1,"featured_media":0,"comment_status":"closed","ping_status":"closed","sticky":false,"template":"","format":"standard","meta":{"ngg_post_thumbnail":0,"_jetpack_memberships_contains_paid_content":false,"footnotes":"","_links_to":"","_links_to_target":""},"categories":[3],"tags":[20],"class_list":["post-435","post","type-post","status-publish","format-standard","hentry","category-actualite","tag-salaires"],"jetpack_featured_media_url":"","jetpack_sharing_enabled":true,"_links":{"self":[{"href":"https:\/\/www.ulcgtivry.fr\/blog\/wp-json\/wp\/v2\/posts\/435","targetHints":{"allow":["GET"]}}],"collection":[{"href":"https:\/\/www.ulcgtivry.fr\/blog\/wp-json\/wp\/v2\/posts"}],"about":[{"href":"https:\/\/www.ulcgtivry.fr\/blog\/wp-json\/wp\/v2\/types\/post"}],"author":[{"embeddable":true,"href":"https:\/\/www.ulcgtivry.fr\/blog\/wp-json\/wp\/v2\/users\/1"}],"replies":[{"embeddable":true,"href":"https:\/\/www.ulcgtivry.fr\/blog\/wp-json\/wp\/v2\/comments?post=435"}],"version-history":[{"count":0,"href":"https:\/\/www.ulcgtivry.fr\/blog\/wp-json\/wp\/v2\/posts\/435\/revisions"}],"wp:attachment":[{"href":"https:\/\/www.ulcgtivry.fr\/blog\/wp-json\/wp\/v2\/media?parent=435"}],"wp:term":[{"taxonomy":"category","embeddable":true,"href":"https:\/\/www.ulcgtivry.fr\/blog\/wp-json\/wp\/v2\/categories?post=435"},{"taxonomy":"post_tag","embeddable":true,"href":"https:\/\/www.ulcgtivry.fr\/blog\/wp-json\/wp\/v2\/tags?post=435"}],"curies":[{"name":"wp","href":"https:\/\/api.w.org\/{rel}","templated":true}]}}