{"id":475,"date":"2022-06-11T00:13:35","date_gmt":"2022-06-10T22:13:35","guid":{"rendered":"https:\/\/www.ulcgtivry.fr\/blog\/?p=475"},"modified":"2022-06-11T00:13:35","modified_gmt":"2022-06-10T22:13:35","slug":"la-cgt-a-un-plan-pour-les-jeunes","status":"publish","type":"post","link":"https:\/\/www.ulcgtivry.fr\/blog\/2022\/06\/la-cgt-a-un-plan-pour-les-jeunes\/","title":{"rendered":"La CGT a un plan pour les jeunes"},"content":{"rendered":"<p>Parce que pr\u00e8s de la moiti\u00e9 des moins de 26 ans vivent sous le seuil de pauvret\u00e9 en France, qu\u2019un tiers renoncent \u00e0 se soigner faute d\u2019argent, que l\u2019acc\u00e8s \u00e0 un emploi d\u00e9cent est un parcours du jeune combattant, la CGT publie un plan pour la jeunesse en 10 objectifs.<\/p>\n<p>\u00ab La jeunesse a \u00e9t\u00e9 l\u2019oubli\u00e9e des pr\u00e9occupations des gouvernements d\u2019\u00c9douard Philippe et de Jean Castex. Cessons de penser que la crise sanitaire, les confinements et les cours \u00e0 distance ont cr\u00e9\u00e9 la pr\u00e9carit\u00e9 de la jeunesse, ils n&rsquo;ont fait qu&#8217;empirer la situation et l\u2019ont rendue visible avec les longues files d\u2019attente devant les points de distribution alimentaires, les retours contraints chez les parents, le d\u00e9crochage scolaire. \u00bb<\/p>\n<p>Lire l&rsquo;<a href=\"https:\/\/www.cgt.fr\/actualites\/france\/droits-sociaux\/situation-demploi-precarisee\/la-cgt-un-plan-pour-les-jeunes\">article complet<\/a>  sur le site de la CGT.<\/p>\n","protected":false},"excerpt":{"rendered":"<p>Parce que pr\u00e8s de la moiti\u00e9 des moins de 26 ans vivent sous le seuil de pauvret\u00e9 en France, qu\u2019un tiers renoncent \u00e0 se soigner&hellip; <\/p>\n","protected":false},"author":1,"featured_media":0,"comment_status":"closed","ping_status":"closed","sticky":false,"template":"","format":"standard","meta":{"ngg_post_thumbnail":0,"_jetpack_memberships_contains_paid_content":false,"footnotes":"","_links_to":"","_links_to_target":""},"categories":[3],"tags":[19],"class_list":["post-475","post","type-post","status-publish","format-standard","hentry","category-actualite","tag-jeunesse"],"jetpack_featured_media_url":"","jetpack_sharing_enabled":true,"_links":{"self":[{"href":"https:\/\/www.ulcgtivry.fr\/blog\/wp-json\/wp\/v2\/posts\/475","targetHints":{"allow":["GET"]}}],"collection":[{"href":"https:\/\/www.ulcgtivry.fr\/blog\/wp-json\/wp\/v2\/posts"}],"about":[{"href":"https:\/\/www.ulcgtivry.fr\/blog\/wp-json\/wp\/v2\/types\/post"}],"author":[{"embeddable":true,"href":"https:\/\/www.ulcgtivry.fr\/blog\/wp-json\/wp\/v2\/users\/1"}],"replies":[{"embeddable":true,"href":"https:\/\/www.ulcgtivry.fr\/blog\/wp-json\/wp\/v2\/comments?post=475"}],"version-history":[{"count":0,"href":"https:\/\/www.ulcgtivry.fr\/blog\/wp-json\/wp\/v2\/posts\/475\/revisions"}],"wp:attachment":[{"href":"https:\/\/www.ulcgtivry.fr\/blog\/wp-json\/wp\/v2\/media?parent=475"}],"wp:term":[{"taxonomy":"category","embeddable":true,"href":"https:\/\/www.ulcgtivry.fr\/blog\/wp-json\/wp\/v2\/categories?post=475"},{"taxonomy":"post_tag","embeddable":true,"href":"https:\/\/www.ulcgtivry.fr\/blog\/wp-json\/wp\/v2\/tags?post=475"}],"curies":[{"name":"wp","href":"https:\/\/api.w.org\/{rel}","templated":true}]}}