{"id":521,"date":"2022-06-12T12:57:57","date_gmt":"2022-06-12T10:57:57","guid":{"rendered":"https:\/\/www.ulcgtivry.fr\/blog\/?p=521"},"modified":"2022-06-12T19:10:23","modified_gmt":"2022-06-12T17:10:23","slug":"nephrocare-3eme-jour-toujours-en-greve","status":"publish","type":"post","link":"https:\/\/www.ulcgtivry.fr\/blog\/2022\/06\/nephrocare-3eme-jour-toujours-en-greve\/","title":{"rendered":"NEPHROCARE 3\u00e8me jour, toujours en gr\u00e8ve&nbsp;!!!"},"content":{"rendered":"<p><center><\/p>\n<h4> COMMUNIQU\u00c9 DE PRESSE <\/h4>\n<p>Cr\u00e9teil, le 10 juin 2022<\/center><\/p>\n<p><img loading=\"lazy\" decoding=\"async\" src=\"https:\/\/www.ulcgtivry.fr\/blog\/wp-content\/uploads\/2022_uploads\/logo_cgt_sante.jpg\" alt=\" cgt sant\u00e9\" width=\"100\" height=\"80\" class=\"alignleft\"\/>Le vendredi 10 Juin, les centres de dialyse de NEPHROCARE du Val-de-Marne et de l&rsquo;Essonne sont en gr\u00e8ve.<\/p>\n<p>Hier la direction, a re\u00e7u un groupe de 5 salari\u00e9s, et leur a propos\u00e9 que seule la repr\u00e9sentante syndicale participe \u00e0 une r\u00e9union aujourd&rsquo;hui dans le cadre des NAO avec la CFDT qui ne soutient pas les salari\u00e9s dans leur mouvement.<\/p>\n<p>Nous savons par la repr\u00e9sentante CFDT qu&rsquo;ils ont d\u00e9j\u00e0 commenc\u00e9 \u00e0 n\u00e9gocier une augmentation de salaire qui n&rsquo;a rien \u00e0 voir avec nos revendications. La r\u00e9union propos\u00e9e n&rsquo;est pas une proposition de n\u00e9gociation mais une r\u00e9union annuelle obligatoire qui aurait eu lieu m\u00eame sans le mouvement de gr\u00e8ve.<\/p>\n<p>Le centre de Bi\u00e8vres a rejoint le mouvement ce jour, montrant ainsi l&rsquo;effet boule de neige au sein du groupe face au m\u00e9pris de l&#8217;employeur, qui n&rsquo;a de cesse de culpabiliser des salari\u00e9s qui ne font que revendiquer la valorisation du travail fourni et le respect de leurs droits.<\/p>\n<p>La mobilisation est toujours aussi forte. Les salari\u00e9s attendent de la part de la direction une v\u00e9ritable proposition de n\u00e9gociation avec la pr\u00e9sence de la d\u00e9l\u00e9gation de la CGT l\u00e9gitim\u00e9e dans ce mouvement.<\/p>\n<p>Si la direction refuse de nous recevoir selon nos conditions, le mouvement se maintiendra et reprendra dans tous les centres de l&rsquo;Ile-de-France.<\/p>\n<p><center><a href=\"https:\/\/www.ulcgtivry.fr\/blog\/wp-content\/uploads\/2022_uploads\/220610_Nephrocare.jpg\"><img loading=\"lazy\" decoding=\"async\" src=\"https:\/\/www.ulcgtivry.fr\/blog\/wp-content\/uploads\/2022_uploads\/220610_Nephrocare.jpg\" alt=\" \" width=\"500\" height=\"200\"\/><\/a><\/center><\/p>\n","protected":false},"excerpt":{"rendered":"<p>COMMUNIQU\u00c9 DE PRESSE Cr\u00e9teil, le 10 juin 2022 Le vendredi 10 Juin, les centres de dialyse de NEPHROCARE du Val-de-Marne et de l&rsquo;Essonne sont en&hellip; <\/p>\n","protected":false},"author":1,"featured_media":0,"comment_status":"closed","ping_status":"closed","sticky":false,"template":"","format":"standard","meta":{"ngg_post_thumbnail":0,"_jetpack_memberships_contains_paid_content":false,"footnotes":"","_links_to":"","_links_to_target":""},"categories":[3,26],"tags":[27],"class_list":["post-521","post","type-post","status-publish","format-standard","hentry","category-actualite","category-sante","tag-sante"],"jetpack_featured_media_url":"","jetpack_sharing_enabled":true,"_links":{"self":[{"href":"https:\/\/www.ulcgtivry.fr\/blog\/wp-json\/wp\/v2\/posts\/521","targetHints":{"allow":["GET"]}}],"collection":[{"href":"https:\/\/www.ulcgtivry.fr\/blog\/wp-json\/wp\/v2\/posts"}],"about":[{"href":"https:\/\/www.ulcgtivry.fr\/blog\/wp-json\/wp\/v2\/types\/post"}],"author":[{"embeddable":true,"href":"https:\/\/www.ulcgtivry.fr\/blog\/wp-json\/wp\/v2\/users\/1"}],"replies":[{"embeddable":true,"href":"https:\/\/www.ulcgtivry.fr\/blog\/wp-json\/wp\/v2\/comments?post=521"}],"version-history":[{"count":0,"href":"https:\/\/www.ulcgtivry.fr\/blog\/wp-json\/wp\/v2\/posts\/521\/revisions"}],"wp:attachment":[{"href":"https:\/\/www.ulcgtivry.fr\/blog\/wp-json\/wp\/v2\/media?parent=521"}],"wp:term":[{"taxonomy":"category","embeddable":true,"href":"https:\/\/www.ulcgtivry.fr\/blog\/wp-json\/wp\/v2\/categories?post=521"},{"taxonomy":"post_tag","embeddable":true,"href":"https:\/\/www.ulcgtivry.fr\/blog\/wp-json\/wp\/v2\/tags?post=521"}],"curies":[{"name":"wp","href":"https:\/\/api.w.org\/{rel}","templated":true}]}}