{"id":586,"date":"2022-06-16T16:48:03","date_gmt":"2022-06-16T14:48:03","guid":{"rendered":"https:\/\/www.ulcgtivry.fr\/blog\/?p=586"},"modified":"2023-02-02T13:17:56","modified_gmt":"2023-02-02T12:17:56","slug":"tous-a-paris-pour-sauver-laudiovisuel-public-mardi-28-juin-a-11-h","status":"publish","type":"post","link":"https:\/\/www.ulcgtivry.fr\/blog\/2022\/06\/tous-a-paris-pour-sauver-laudiovisuel-public-mardi-28-juin-a-11-h\/","title":{"rendered":"Tous \u00e0 Paris pour sauver l&rsquo;audiovisuel public &#8211; mardi 28 juin \u00e0 11 h"},"content":{"rendered":"<p><center><\/p>\n<h5>TOUS A PARIS POUR SAUVER L&rsquo;AUDIOVISUEL PUBLIC<\/p>\n<p>MARDI 28 JUIN A 11 H<br \/>\nPr\u00e9avis de gr\u00e8ve <\/p>\n<p>Rassemblement : Place du 18 juin 1940 (Montparnasse)<\/h5>\n<p>Le cort\u00e8ge partira \u00e0 13H en direction de la place Edouard Herriot. (En attente de validation par la pr\u00e9fecture).<\/center><\/p>\n<p><img loading=\"lazy\" decoding=\"async\" src=\"https:\/\/www.ulcgtivry.fr\/blog\/wp-content\/uploads\/2022_uploads\/220628_audiovisuel.jpg\" alt=\"audiovisuel\" width=\"150\" height=\"100\"\/ class=\"alignleft\">La promesse de campagne du pr\u00e9sident-candidat Emmanuel Macron de supprimer la redevance au nom du pouvoir d&rsquo;achat menace l&rsquo;existence de l&rsquo;audiovisuel public. Privatisation de France 2, fusion France 3\/France Bleu, filialisation de la Fabrique, fusions de services suivies de licenciements, plusieurs hypoth\u00e8ses sont d\u00e9j\u00e0 sur la table. L&rsquo;enjeu est consid\u00e9rable pour les citoyens : la diversit\u00e9 culturelle de notre pays et le pluralisme de l&rsquo;information sont menac\u00e9s.<\/p>\n<p>Une d\u00e9mocratie moderne et digne de ce nom se doit de disposer d&rsquo;un service public audiovisuel ind\u00e9pendant<br \/>\net financ\u00e9 \u00e0 la hauteur des enjeux. La perspective du d\u00e9mant\u00e8lement au profit d&rsquo;un secteur priv\u00e9 o\u00f9 r\u00e8gneraient les milliardaires des m\u00e9dias est insupportable. C&rsquo;est \u00e0 l&rsquo;aune du niveau d&rsquo;ind\u00e9pendance de l&rsquo;information, que l&rsquo;on mesure la maturit\u00e9 d&rsquo;une d\u00e9mocratie.<\/p>\n<p>Les citoyens n&rsquo;ont jamais autant eu besoin d&rsquo;une information ind\u00e9pendante et pluraliste avec des contenus<br \/>\nqui \u00e9chappent \u00e0 la mainmise des plateformes mondialis\u00e9es. Nous ne nous r\u00e9signons pas \u00e0 laisser l&rsquo;\u00c9tat en<br \/>\nsimple suppl\u00e9tif du secteur priv\u00e9.<\/p>\n<p>Supprimer la redevance, ressource affect\u00e9e, c&rsquo;est pr\u00e9cariser et paup\u00e9riser l&rsquo;audiovisuel public en le basculant sur le budget g\u00e9n\u00e9ral de l&rsquo;\u00c9tat donc aux arbitrages et aux pressions politiques incessantes. On a bien<br \/>\nvu ce qu&rsquo;il en fut avec la suppression de la publicit\u00e9 jamais r\u00e9ellement compens\u00e9e.<\/p>\n<p>La redevance est \u00e0 ce jour le seul mode de financement p\u00e9renne garantissant l&rsquo;ind\u00e9pendance de l&rsquo;audiovisuel public.<\/p>\n<p><center><\/p>\n<h5> Urgence de la mobilisation.<\/h5>\n<p><b>Les syndicats signataires revendiquent :<\/b><\/center><\/p>\n<ul>\n<li> La mise en place d&rsquo;une taxe universelle affect\u00e9e \u00e0 l&rsquo;audiovisuel public inspir\u00e9e du mod\u00e8le allemand et<br \/>\ndont le rendement serait au moins \u00e9quivalent au montant actuel de la redevance, compensation d&rsquo;exon\u00e9rations incluses. <\/li>\n<li> Une indexation de cette taxe universelle sur l&rsquo;inflation assortie d&rsquo;un plan pluriannuel d&rsquo;\u00e9volution sur 5 ans via un Contrat d&rsquo;Objectifs et de Moyens (COM). <\/li>\n<li> Des orientations strat\u00e9giques permettant au service public de se d\u00e9velopper plus amplement encore sur<br \/>\nle num\u00e9rique avec des contenus d\u00e9di\u00e9s et financ\u00e9s, tout en ayant les moyens de maintenir ses programmes sur le lin\u00e9aire. <\/li>\n<li> Un financement d\u00e9di\u00e9 pour lutter contre les fake news et d\u00e9fendre un joumalisme exigeant et ind\u00e9pendant, afin de prot\u00e9ger notre mod\u00e8le d\u00e9mocratique. <\/li>\n<\/ul>\n<p>Afin d&rsquo;obtenir satisfaction, les syndicats CGT, CFDT, FO et SNJ appellent les salari\u00e9s \u00e0 cesser le travail le 28 juin 2022 \u00e0 compter de 0H pour une dur\u00e9e de 24 heures et \u00e0 se rendre massivement \u00e0 Paris afin de faire entendre leur col\u00e8re face \u00e0 tant de m\u00e9pris affich\u00e9 par le pouvoir en place.<\/p>\n<p><center><img loading=\"lazy\" decoding=\"async\" src=\"https:\/\/www.ulcgtivry.fr\/blog\/wp-content\/uploads\/2022_uploads\/220628_audiovisuel2.jpg\" alt=\"audiovisuel\" width=\"600\" height=\"200\"\/><\/p>\n<p>&nbsp; <\/p>\n<h5> Signez la p\u00e9tition <\/h5>\n<p>&nbsp;<br \/>\n<a href=\"https:\/\/www.petitionenligne.net\/defendrecap\"><img loading=\"lazy\" decoding=\"async\" src=\"https:\/\/www.ulcgtivry.fr\/blog\/wp-content\/uploads\/2022_uploads\/220628_audiovisuel3.jpg\" alt=\"p\u00e9tition \" width=\"200\" height=\"150\" target=\"_blank\"\/><\/a> <\/p>\n<p><a href=\"https:\/\/www.petitionenligne.net\/defendrecap\" target=\"_blank\" rel=\"noopener\">https:\/\/www.petitionenligne.net\/defendrecap<\/a><\/p>\n<p><\/center><br \/>\n&nbsp; <\/p>\n","protected":false},"excerpt":{"rendered":"<p>TOUS A PARIS POUR SAUVER L&rsquo;AUDIOVISUEL PUBLIC MARDI 28 JUIN A 11 H Pr\u00e9avis de gr\u00e8ve Rassemblement : Place du 18 juin 1940 (Montparnasse) Le&hellip; <\/p>\n","protected":false},"author":1,"featured_media":0,"comment_status":"closed","ping_status":"closed","sticky":false,"template":"","format":"standard","meta":{"ngg_post_thumbnail":0,"_jetpack_memberships_contains_paid_content":false,"footnotes":"","_links_to":"","_links_to_target":""},"categories":[3,4],"tags":[21],"class_list":["post-586","post","type-post","status-publish","format-standard","hentry","category-actualite","category-evenements","tag-audiovisuel"],"jetpack_featured_media_url":"","jetpack_sharing_enabled":true,"_links":{"self":[{"href":"https:\/\/www.ulcgtivry.fr\/blog\/wp-json\/wp\/v2\/posts\/586","targetHints":{"allow":["GET"]}}],"collection":[{"href":"https:\/\/www.ulcgtivry.fr\/blog\/wp-json\/wp\/v2\/posts"}],"about":[{"href":"https:\/\/www.ulcgtivry.fr\/blog\/wp-json\/wp\/v2\/types\/post"}],"author":[{"embeddable":true,"href":"https:\/\/www.ulcgtivry.fr\/blog\/wp-json\/wp\/v2\/users\/1"}],"replies":[{"embeddable":true,"href":"https:\/\/www.ulcgtivry.fr\/blog\/wp-json\/wp\/v2\/comments?post=586"}],"version-history":[{"count":0,"href":"https:\/\/www.ulcgtivry.fr\/blog\/wp-json\/wp\/v2\/posts\/586\/revisions"}],"wp:attachment":[{"href":"https:\/\/www.ulcgtivry.fr\/blog\/wp-json\/wp\/v2\/media?parent=586"}],"wp:term":[{"taxonomy":"category","embeddable":true,"href":"https:\/\/www.ulcgtivry.fr\/blog\/wp-json\/wp\/v2\/categories?post=586"},{"taxonomy":"post_tag","embeddable":true,"href":"https:\/\/www.ulcgtivry.fr\/blog\/wp-json\/wp\/v2\/tags?post=586"}],"curies":[{"name":"wp","href":"https:\/\/api.w.org\/{rel}","templated":true}]}}