{"id":652,"date":"2022-06-20T10:15:53","date_gmt":"2022-06-20T08:15:53","guid":{"rendered":"https:\/\/www.ulcgtivry.fr\/blog\/?p=652"},"modified":"2022-06-20T11:26:56","modified_gmt":"2022-06-20T09:26:56","slug":"le-president-macron-ne-doit-pas-engager-la-france-dans-une-economie-de-guerre","status":"publish","type":"post","link":"https:\/\/www.ulcgtivry.fr\/blog\/2022\/06\/le-president-macron-ne-doit-pas-engager-la-france-dans-une-economie-de-guerre\/","title":{"rendered":"Le Pr\u00e9sident Macron ne doit pas engager la France dans une \u00e9conomie de guerre"},"content":{"rendered":"<p>En \u00e9voquant la situation internationale du moment, \u00e0 l\u2019occasion de l\u2019inauguration du salon de l\u2019armement d\u2019Eurosatory, le pr\u00e9sident de la R\u00e9publique a tenu des propos graves de cons\u00e9quences, annon\u00e7ant \u00ab qu\u2019il fallait entrer dans une \u00e9conomie de guerre, dans laquelle nous devrions durablement nous organiser. \u00bb<\/p>\n<p>Le terme \u00ab d\u2019\u00e9conomie de guerre \u00bb est minutieusement choisi et r\u00e9p\u00e9t\u00e9 \u00e0 trois reprises dans le discours pour justifier des augmentations durables des budgets de D\u00e9fense en France, comme en Europe, et l\u2019acc\u00e9l\u00e9ration d\u2019une Europe de la d\u00e9fense, pr\u00e9parant les esprits \u00e0 un conflit majeur.<br \/>\nEntrer en \u00e9conomie de guerre, c\u2019est mobiliser les capacit\u00e9s civiles au service des moyens militaires et cela entra\u00eenera des cons\u00e9quences majeures sur les orientations budg\u00e9taires mais aussi sur notre tissu industriel et les conditions de vie et de travail de milliers de salari\u00e9s.<\/p>\n<p>Lire la suite de l&rsquo;article sur le <a href=\"https:\/\/www.cgt.fr\/comm-de-presse\/le-president-macron-ne-doit-pas-engager-la-france-dans-une-economie-de-guerre\">site de la CGT<\/a>.<\/p>\n","protected":false},"excerpt":{"rendered":"<p>En \u00e9voquant la situation internationale du moment, \u00e0 l\u2019occasion de l\u2019inauguration du salon de l\u2019armement d\u2019Eurosatory, le pr\u00e9sident de la R\u00e9publique a tenu des propos&hellip; <\/p>\n","protected":false},"author":1,"featured_media":0,"comment_status":"closed","ping_status":"closed","sticky":false,"template":"","format":"standard","meta":{"ngg_post_thumbnail":0,"_jetpack_memberships_contains_paid_content":false,"footnotes":"","_links_to":"","_links_to_target":""},"categories":[3],"tags":[34],"class_list":["post-652","post","type-post","status-publish","format-standard","hentry","category-actualite","tag-armement"],"jetpack_featured_media_url":"","jetpack_sharing_enabled":true,"_links":{"self":[{"href":"https:\/\/www.ulcgtivry.fr\/blog\/wp-json\/wp\/v2\/posts\/652","targetHints":{"allow":["GET"]}}],"collection":[{"href":"https:\/\/www.ulcgtivry.fr\/blog\/wp-json\/wp\/v2\/posts"}],"about":[{"href":"https:\/\/www.ulcgtivry.fr\/blog\/wp-json\/wp\/v2\/types\/post"}],"author":[{"embeddable":true,"href":"https:\/\/www.ulcgtivry.fr\/blog\/wp-json\/wp\/v2\/users\/1"}],"replies":[{"embeddable":true,"href":"https:\/\/www.ulcgtivry.fr\/blog\/wp-json\/wp\/v2\/comments?post=652"}],"version-history":[{"count":0,"href":"https:\/\/www.ulcgtivry.fr\/blog\/wp-json\/wp\/v2\/posts\/652\/revisions"}],"wp:attachment":[{"href":"https:\/\/www.ulcgtivry.fr\/blog\/wp-json\/wp\/v2\/media?parent=652"}],"wp:term":[{"taxonomy":"category","embeddable":true,"href":"https:\/\/www.ulcgtivry.fr\/blog\/wp-json\/wp\/v2\/categories?post=652"},{"taxonomy":"post_tag","embeddable":true,"href":"https:\/\/www.ulcgtivry.fr\/blog\/wp-json\/wp\/v2\/tags?post=652"}],"curies":[{"name":"wp","href":"https:\/\/api.w.org\/{rel}","templated":true}]}}