{"id":654,"date":"2022-06-20T10:11:58","date_gmt":"2022-06-20T08:11:58","guid":{"rendered":"https:\/\/www.ulcgtivry.fr\/blog\/?p=654"},"modified":"2022-06-20T10:16:10","modified_gmt":"2022-06-20T08:16:10","slug":"hausse-des-prix-de-lelectricite-stop-a-leconomie-de-marche","status":"publish","type":"post","link":"https:\/\/www.ulcgtivry.fr\/blog\/2022\/06\/hausse-des-prix-de-lelectricite-stop-a-leconomie-de-marche\/","title":{"rendered":"Hausse des prix de l\u2019\u00e9lectricit\u00e9 : stop \u00e0 l\u2019\u00e9conomie de march\u00e9"},"content":{"rendered":"<p>Le gouvernement s\u2019appr\u00eaterait \u00e0 annoncer une hausse de 4,5 %. Dans un contexte inflationniste (+4,8 % entre avril 2021 et avril 2022), l\u2019\u00e9nergie a augment\u00e9 de :<\/p>\n<ul>\n<li> 84 % pour les combustibles liquides, <\/li>\n<li> 43 % pour le gazole, <\/li>\n<li> 41,3 % pour le gaz naturel <\/li>\n<\/ul>\n<p>Afin que la hausse des prix de l\u2019\u00e9lectricit\u00e9 en 2022 n\u2019affecte pas les usagers, le gouvernement a mis en place un bouclier tarifaire, tout en pr\u00e9voyant un rattrapage en 2023 : le gouvernement s\u2019appr\u00eaterait \u00e0 annoncer une hausse de 4,5 %.<\/p>\n<p>Lire la suite sur le <a href=\"https:\/\/www.cgt.fr\/actualites\/france\/energie\/pouvoir-dachat\/hausse-des-prix-de-lelectricite-stop-leconomie-de-marche\">site de la CGT.<\/a><\/p>\n","protected":false},"excerpt":{"rendered":"<p>Le gouvernement s\u2019appr\u00eaterait \u00e0 annoncer une hausse de 4,5 %. Dans un contexte inflationniste (+4,8 % entre avril 2021 et avril 2022), l\u2019\u00e9nergie a augment\u00e9&hellip; <\/p>\n","protected":false},"author":1,"featured_media":0,"comment_status":"closed","ping_status":"closed","sticky":false,"template":"","format":"standard","meta":{"ngg_post_thumbnail":0,"_jetpack_memberships_contains_paid_content":false,"footnotes":"","_links_to":"","_links_to_target":""},"categories":[3],"tags":[32,33],"class_list":["post-654","post","type-post","status-publish","format-standard","hentry","category-actualite","tag-electricite","tag-energie"],"jetpack_featured_media_url":"","jetpack_sharing_enabled":true,"_links":{"self":[{"href":"https:\/\/www.ulcgtivry.fr\/blog\/wp-json\/wp\/v2\/posts\/654","targetHints":{"allow":["GET"]}}],"collection":[{"href":"https:\/\/www.ulcgtivry.fr\/blog\/wp-json\/wp\/v2\/posts"}],"about":[{"href":"https:\/\/www.ulcgtivry.fr\/blog\/wp-json\/wp\/v2\/types\/post"}],"author":[{"embeddable":true,"href":"https:\/\/www.ulcgtivry.fr\/blog\/wp-json\/wp\/v2\/users\/1"}],"replies":[{"embeddable":true,"href":"https:\/\/www.ulcgtivry.fr\/blog\/wp-json\/wp\/v2\/comments?post=654"}],"version-history":[{"count":0,"href":"https:\/\/www.ulcgtivry.fr\/blog\/wp-json\/wp\/v2\/posts\/654\/revisions"}],"wp:attachment":[{"href":"https:\/\/www.ulcgtivry.fr\/blog\/wp-json\/wp\/v2\/media?parent=654"}],"wp:term":[{"taxonomy":"category","embeddable":true,"href":"https:\/\/www.ulcgtivry.fr\/blog\/wp-json\/wp\/v2\/categories?post=654"},{"taxonomy":"post_tag","embeddable":true,"href":"https:\/\/www.ulcgtivry.fr\/blog\/wp-json\/wp\/v2\/tags?post=654"}],"curies":[{"name":"wp","href":"https:\/\/api.w.org\/{rel}","templated":true}]}}