{"id":656,"date":"2022-06-20T10:04:59","date_gmt":"2022-06-20T08:04:59","guid":{"rendered":"https:\/\/www.ulcgtivry.fr\/blog\/?p=656"},"modified":"2022-06-20T10:15:30","modified_gmt":"2022-06-20T08:15:30","slug":"lhistoire-du-mouvement-ouvrier-sexpose-jusquau-15-septembre-a-montreuil","status":"publish","type":"post","link":"https:\/\/www.ulcgtivry.fr\/blog\/2022\/06\/lhistoire-du-mouvement-ouvrier-sexpose-jusquau-15-septembre-a-montreuil\/","title":{"rendered":"L\u2019histoire du mouvement ouvrier s\u2019expose jusqu\u2019au 15 septembre \u00e0 Montreuil"},"content":{"rendered":"<p><a href=\"https:\/\/www.ulcgtivry.fr\/blog\/wp-content\/uploads\/2022_uploads\/220620_Affiche_IHS.jpg\"><img loading=\"lazy\" decoding=\"async\" src=\"https:\/\/www.ulcgtivry.fr\/blog\/wp-content\/uploads\/2022_uploads\/220620_Affiche_IHS.jpg\" alt=\"IHS\" width=\"300\" height=\"250\"class=\"alignleft\"\/><\/a> Pour f\u00eater ses 40 ans, l\u2019Institut de l\u2019histoire sociale de la CGT installe une vaste exposition sur l\u2019histoire du mouvement des travailleurs, \u00e0 partir des archives tr\u00e8s riches constitu\u00e9es depuis sa cr\u00e9ation en 1982, sous l\u2019impulsion de Georges S\u00e9guy. Allez-y voir, c\u2019est passionnant !<\/p>\n<p>Le puits Couriot gard\u00e9 par les forces de l\u2019ordre pendant la grande gr\u00e8ve des mineurs st\u00e9phanois en 1948, lutte des ouvri\u00e8res du textile \u00e0 Villeurbanne et Gradignan au milieu des ann\u00e9es 70, manifestation des retrait\u00e9s pour la d\u00e9fense du pouvoir d\u2019achat et la hausse des pensions le 19 octobre 1963 \u00e0 Paris, celle des ch\u00f4meurs et des \u00ab vieux travailleurs \u00bb \u00e0 Paris le 29 janvier 1938, appel au soutien des gr\u00e9vistes de Lip en 1973\u2026<br \/>\nOn d\u00e9ambule au milieu des tirages photos, des affiches, des tracts, des coupures de journaux et on parcourt pr\u00e8s de 100 ans d\u2019histoire du mouvement ouvrier, soigneusement consign\u00e9s par l\u2019Institut de l\u2019histoire sociale de la CGT (IHS-CGT). <\/p>\n<p>Lire la suite sur le <a href=\"https:\/\/www.cgt.fr\/actualites\/france\/histoire\/lhistoire-du-mouvement-ouvrier-sexpose-jusquau-15-septembre-montreuil\">site de la CGT<\/a>.<\/p>\n","protected":false},"excerpt":{"rendered":"<p>Pour f\u00eater ses 40 ans, l\u2019Institut de l\u2019histoire sociale de la CGT installe une vaste exposition sur l\u2019histoire du mouvement des travailleurs, \u00e0 partir des&hellip; <\/p>\n","protected":false},"author":1,"featured_media":0,"comment_status":"closed","ping_status":"closed","sticky":false,"template":"","format":"standard","meta":{"ngg_post_thumbnail":0,"_jetpack_memberships_contains_paid_content":false,"footnotes":"","_links_to":"","_links_to_target":""},"categories":[3,4],"tags":[29,30],"class_list":["post-656","post","type-post","status-publish","format-standard","hentry","category-actualite","category-evenements","tag-exposition","tag-mouvement-ouvrier"],"jetpack_featured_media_url":"","jetpack_sharing_enabled":true,"_links":{"self":[{"href":"https:\/\/www.ulcgtivry.fr\/blog\/wp-json\/wp\/v2\/posts\/656","targetHints":{"allow":["GET"]}}],"collection":[{"href":"https:\/\/www.ulcgtivry.fr\/blog\/wp-json\/wp\/v2\/posts"}],"about":[{"href":"https:\/\/www.ulcgtivry.fr\/blog\/wp-json\/wp\/v2\/types\/post"}],"author":[{"embeddable":true,"href":"https:\/\/www.ulcgtivry.fr\/blog\/wp-json\/wp\/v2\/users\/1"}],"replies":[{"embeddable":true,"href":"https:\/\/www.ulcgtivry.fr\/blog\/wp-json\/wp\/v2\/comments?post=656"}],"version-history":[{"count":0,"href":"https:\/\/www.ulcgtivry.fr\/blog\/wp-json\/wp\/v2\/posts\/656\/revisions"}],"wp:attachment":[{"href":"https:\/\/www.ulcgtivry.fr\/blog\/wp-json\/wp\/v2\/media?parent=656"}],"wp:term":[{"taxonomy":"category","embeddable":true,"href":"https:\/\/www.ulcgtivry.fr\/blog\/wp-json\/wp\/v2\/categories?post=656"},{"taxonomy":"post_tag","embeddable":true,"href":"https:\/\/www.ulcgtivry.fr\/blog\/wp-json\/wp\/v2\/tags?post=656"}],"curies":[{"name":"wp","href":"https:\/\/api.w.org\/{rel}","templated":true}]}}