{"id":675,"date":"2022-06-24T12:59:02","date_gmt":"2022-06-24T10:59:02","guid":{"rendered":"https:\/\/www.ulcgtivry.fr\/blog\/?p=675"},"modified":"2022-06-24T12:59:02","modified_gmt":"2022-06-24T10:59:02","slug":"derriere-la-revalorisation-du-point-dindice-des-fonctionnaires-la-question-du-salaire","status":"publish","type":"post","link":"https:\/\/www.ulcgtivry.fr\/blog\/2022\/06\/derriere-la-revalorisation-du-point-dindice-des-fonctionnaires-la-question-du-salaire\/","title":{"rendered":"Derri\u00e8re la revalorisation du point d\u2019indice des fonctionnaires : la question du salaire"},"content":{"rendered":"<p><a href=\"https:\/\/www.ulcgtivry.fr\/blog\/wp-content\/uploads\/2022_uploads\/220624_Fonction_publique.jpg\"><img decoding=\"async\" src=\"https:\/\/www.ulcgtivry.fr\/blog\/wp-content\/uploads\/2022_uploads\/220624_Fonction_publique.jpg\" alt=\"Fonction publique \"width=\"300\" height=\"250\" class=\"alignleft\"\/><\/a> Le 21 mai, Elisabeth Borne, r\u00e9cemment nomm\u00e9e Premi\u00e8re Ministre, affirme que la revalorisation du point d\u2019indice des fonctionnaires figurera dans le projet de loi de finances rectificative (PRLF). Celui-ci devrait \u00eatre propos\u00e9 au conseil des ministres d\u00e9but juillet puis examin\u00e9 par l\u2019Assembl\u00e9e nationale dans la foul\u00e9e.<\/p>\n<p>Ni Elisabeth Borne, ni Stanislas Guerini, ministre de la Transformation et de la Fonction publique, n\u2019ont pr\u00e9cis\u00e9 le montant de cette revalorisation.<\/p>\n<p>Lire la suite sur le <a href=\"https:\/\/www.cgt.fr\/actualites\/france\/fonction-publique\/elections\/derriere-la-revalorisation-du-point-dindice-des-fonctionnaires-la-question-du-salaire\">site de la CGT<\/a>.<\/p>\n","protected":false},"excerpt":{"rendered":"<p>Le 21 mai, Elisabeth Borne, r\u00e9cemment nomm\u00e9e Premi\u00e8re Ministre, affirme que la revalorisation du point d\u2019indice des fonctionnaires figurera dans le projet de loi de&hellip; <\/p>\n","protected":false},"author":1,"featured_media":0,"comment_status":"closed","ping_status":"closed","sticky":false,"template":"","format":"standard","meta":{"ngg_post_thumbnail":0,"_jetpack_memberships_contains_paid_content":false,"footnotes":"","_links_to":"","_links_to_target":""},"categories":[3],"tags":[36,20],"class_list":["post-675","post","type-post","status-publish","format-standard","hentry","category-actualite","tag-fonction-publique","tag-salaires"],"jetpack_featured_media_url":"","jetpack_sharing_enabled":true,"_links":{"self":[{"href":"https:\/\/www.ulcgtivry.fr\/blog\/wp-json\/wp\/v2\/posts\/675","targetHints":{"allow":["GET"]}}],"collection":[{"href":"https:\/\/www.ulcgtivry.fr\/blog\/wp-json\/wp\/v2\/posts"}],"about":[{"href":"https:\/\/www.ulcgtivry.fr\/blog\/wp-json\/wp\/v2\/types\/post"}],"author":[{"embeddable":true,"href":"https:\/\/www.ulcgtivry.fr\/blog\/wp-json\/wp\/v2\/users\/1"}],"replies":[{"embeddable":true,"href":"https:\/\/www.ulcgtivry.fr\/blog\/wp-json\/wp\/v2\/comments?post=675"}],"version-history":[{"count":0,"href":"https:\/\/www.ulcgtivry.fr\/blog\/wp-json\/wp\/v2\/posts\/675\/revisions"}],"wp:attachment":[{"href":"https:\/\/www.ulcgtivry.fr\/blog\/wp-json\/wp\/v2\/media?parent=675"}],"wp:term":[{"taxonomy":"category","embeddable":true,"href":"https:\/\/www.ulcgtivry.fr\/blog\/wp-json\/wp\/v2\/categories?post=675"},{"taxonomy":"post_tag","embeddable":true,"href":"https:\/\/www.ulcgtivry.fr\/blog\/wp-json\/wp\/v2\/tags?post=675"}],"curies":[{"name":"wp","href":"https:\/\/api.w.org\/{rel}","templated":true}]}}