{"id":683,"date":"2022-06-24T14:18:04","date_gmt":"2022-06-24T12:18:04","guid":{"rendered":"https:\/\/www.ulcgtivry.fr\/blog\/?p=683"},"modified":"2022-06-24T14:18:04","modified_gmt":"2022-06-24T12:18:04","slug":"les-comptes-de-lunedic-excedentaires-les-radiations-de-chomeurs-en-forte-hausse","status":"publish","type":"post","link":"https:\/\/www.ulcgtivry.fr\/blog\/2022\/06\/les-comptes-de-lunedic-excedentaires-les-radiations-de-chomeurs-en-forte-hausse\/","title":{"rendered":"Les comptes de l&rsquo;Un\u00e9dic exc\u00e9dentaires, les radiations de ch\u00f4meurs en forte hausse"},"content":{"rendered":"<p><a href=\"https:\/\/www.ulcgtivry.fr\/blog\/wp-content\/uploads\/2022_uploads\/220624_Unedic.jpg\"><img loading=\"lazy\" decoding=\"async\" src=\"https:\/\/www.ulcgtivry.fr\/blog\/wp-content\/uploads\/2022_uploads\/220624_Unedic.jpg\" alt=\"Unedic\" width=\"250\" height=\"200\" class=\"alignright\"\/><\/a> L&rsquo;Un\u00e9dic, l&rsquo;organisme charg\u00e9 de la gestion de l&rsquo;assurance ch\u00f4mage, a pr\u00e9sent\u00e9 ses pr\u00e9visions financi\u00e8res. Il annonce un exc\u00e9dent de 10 milliards d&rsquo;euros sur trois ans, entre 2022 et 2024.<\/p>\n<p>Depuis que cette r\u00e9forme s&rsquo;applique, il faut avoir travaill\u00e9 six mois (au lieu de quatre auparavant) pour pouvoir pr\u00e9tendre \u00e0 une indemnisation.<\/p>\n<p>Pour le premier trimestre 2022, ce sont 79 000 cr\u00e9ations d&#8217;emplois qui ont \u00e9t\u00e9 enregistr\u00e9es. \u00ab&nbsp;Sur ces trois ann\u00e9es, les deux tiers des exc\u00e9dents r\u00e9sultent de la mise en \u0153uvre de la r\u00e9forme de l&rsquo;assurance ch\u00f4mage&nbsp;\u00bb, explique l&rsquo;Un\u00e9dic dans un communiqu\u00e9.<\/p>\n<p>Lire la suite sur le <a href=\"https:\/\/www.cgt.fr\/actualites\/france\/privee-demploi\/legislation\/les-comptes-de-lunedic-excedentaires-les-radiations-de-chomeurs-en-forte-hausse\">site de la CGT<\/a>.<\/p>\n","protected":false},"excerpt":{"rendered":"<p>L&rsquo;Un\u00e9dic, l&rsquo;organisme charg\u00e9 de la gestion de l&rsquo;assurance ch\u00f4mage, a pr\u00e9sent\u00e9 ses pr\u00e9visions financi\u00e8res. Il annonce un exc\u00e9dent de 10 milliards d&rsquo;euros sur trois ans,&hellip; <\/p>\n","protected":false},"author":1,"featured_media":0,"comment_status":"closed","ping_status":"closed","sticky":false,"template":"","format":"standard","meta":{"ngg_post_thumbnail":0,"_jetpack_memberships_contains_paid_content":false,"footnotes":"","_links_to":"","_links_to_target":""},"categories":[3],"tags":[39],"class_list":["post-683","post","type-post","status-publish","format-standard","hentry","category-actualite","tag-unedic"],"jetpack_featured_media_url":"","jetpack_sharing_enabled":true,"_links":{"self":[{"href":"https:\/\/www.ulcgtivry.fr\/blog\/wp-json\/wp\/v2\/posts\/683","targetHints":{"allow":["GET"]}}],"collection":[{"href":"https:\/\/www.ulcgtivry.fr\/blog\/wp-json\/wp\/v2\/posts"}],"about":[{"href":"https:\/\/www.ulcgtivry.fr\/blog\/wp-json\/wp\/v2\/types\/post"}],"author":[{"embeddable":true,"href":"https:\/\/www.ulcgtivry.fr\/blog\/wp-json\/wp\/v2\/users\/1"}],"replies":[{"embeddable":true,"href":"https:\/\/www.ulcgtivry.fr\/blog\/wp-json\/wp\/v2\/comments?post=683"}],"version-history":[{"count":0,"href":"https:\/\/www.ulcgtivry.fr\/blog\/wp-json\/wp\/v2\/posts\/683\/revisions"}],"wp:attachment":[{"href":"https:\/\/www.ulcgtivry.fr\/blog\/wp-json\/wp\/v2\/media?parent=683"}],"wp:term":[{"taxonomy":"category","embeddable":true,"href":"https:\/\/www.ulcgtivry.fr\/blog\/wp-json\/wp\/v2\/categories?post=683"},{"taxonomy":"post_tag","embeddable":true,"href":"https:\/\/www.ulcgtivry.fr\/blog\/wp-json\/wp\/v2\/tags?post=683"}],"curies":[{"name":"wp","href":"https:\/\/api.w.org\/{rel}","templated":true}]}}