{"id":693,"date":"2022-06-25T10:24:00","date_gmt":"2022-06-25T08:24:00","guid":{"rendered":"https:\/\/www.ulcgtivry.fr\/blog\/?p=693"},"modified":"2022-06-24T23:26:39","modified_gmt":"2022-06-24T21:26:39","slug":"les-baremes-macron-juges-encore-une-fois-contraires-au-droit-international","status":"publish","type":"post","link":"https:\/\/www.ulcgtivry.fr\/blog\/2022\/06\/les-baremes-macron-juges-encore-une-fois-contraires-au-droit-international\/","title":{"rendered":"Les bar\u00e8mes Macron jug\u00e9s encore une fois contraires au droit international"},"content":{"rendered":"<p>Il ne reste plus que les juges supr\u00eames de la Cour de cassation pour consid\u00e9rer que les bar\u00e8mes Macron sont parfaitement licites ! En effet, ces bar\u00e8mes limitant les indemnit\u00e9s vers\u00e9es aux salari\u00e9s en cas de licenciement ill\u00e9gal, ont \u00e9t\u00e9 jug\u00e9s contraires au droit international par de nombreux conseils de prud\u2019hommes, par des Cours d\u2019appel, par l\u2019OIT et, depuis peu, par le Comit\u00e9 europ\u00e9en des droits sociaux. Pour autant, la Cour de cassation s\u2019ent\u00eate et n\u2019y voit aucun inconv\u00e9nient.<\/p>\n<p>Lire la suite du communiqu\u00e9 sur le <a href=\"https:\/\/www.cgt.fr\/comm-de-presse\/les-baremes-macron-juges-encore-une-fois-contraires-au-droit-international\">site de la CGT<\/a>.<\/p>\n","protected":false},"excerpt":{"rendered":"<p>Il ne reste plus que les juges supr\u00eames de la Cour de cassation pour consid\u00e9rer que les bar\u00e8mes Macron sont parfaitement licites ! En effet,&hellip; <\/p>\n","protected":false},"author":1,"featured_media":0,"comment_status":"closed","ping_status":"closed","sticky":false,"template":"","format":"standard","meta":{"ngg_post_thumbnail":0,"_jetpack_memberships_contains_paid_content":false,"footnotes":"","_links_to":"","_links_to_target":""},"categories":[3],"tags":[42],"class_list":["post-693","post","type-post","status-publish","format-standard","hentry","category-actualite","tag-droits-sociaux"],"jetpack_featured_media_url":"","jetpack_sharing_enabled":true,"_links":{"self":[{"href":"https:\/\/www.ulcgtivry.fr\/blog\/wp-json\/wp\/v2\/posts\/693","targetHints":{"allow":["GET"]}}],"collection":[{"href":"https:\/\/www.ulcgtivry.fr\/blog\/wp-json\/wp\/v2\/posts"}],"about":[{"href":"https:\/\/www.ulcgtivry.fr\/blog\/wp-json\/wp\/v2\/types\/post"}],"author":[{"embeddable":true,"href":"https:\/\/www.ulcgtivry.fr\/blog\/wp-json\/wp\/v2\/users\/1"}],"replies":[{"embeddable":true,"href":"https:\/\/www.ulcgtivry.fr\/blog\/wp-json\/wp\/v2\/comments?post=693"}],"version-history":[{"count":0,"href":"https:\/\/www.ulcgtivry.fr\/blog\/wp-json\/wp\/v2\/posts\/693\/revisions"}],"wp:attachment":[{"href":"https:\/\/www.ulcgtivry.fr\/blog\/wp-json\/wp\/v2\/media?parent=693"}],"wp:term":[{"taxonomy":"category","embeddable":true,"href":"https:\/\/www.ulcgtivry.fr\/blog\/wp-json\/wp\/v2\/categories?post=693"},{"taxonomy":"post_tag","embeddable":true,"href":"https:\/\/www.ulcgtivry.fr\/blog\/wp-json\/wp\/v2\/tags?post=693"}],"curies":[{"name":"wp","href":"https:\/\/api.w.org\/{rel}","templated":true}]}}