{"id":696,"date":"2022-07-01T15:09:38","date_gmt":"2022-07-01T13:09:38","guid":{"rendered":"https:\/\/www.ulcgtivry.fr\/blog\/?p=696"},"modified":"2022-07-09T17:34:34","modified_gmt":"2022-07-09T15:34:34","slug":"2-juillet-2022-a-14h30-manifestation-pour-le-droit-des-femmes-a-disposer-de-leur-corps","status":"publish","type":"post","link":"https:\/\/www.ulcgtivry.fr\/blog\/2022\/07\/2-juillet-2022-a-14h30-manifestation-pour-le-droit-des-femmes-a-disposer-de-leur-corps\/","title":{"rendered":"2 juillet 2022 \u00e0 14h30 : manifestation pour le droit des femmes \u00e0 disposer de leur corps"},"content":{"rendered":"<h5> <center>MANIFESTATION SAMEDI 2 JUILLET 2022 \u00e0 14H30<br \/>\nPlace LAROQUE (M\u00e9tro St Fran\u00e7ois Xavier) <\/p>\n<p>Pour le droit des femmes \u00e0 disposer de leur corps,<\/p>\n<p>L\u2019avortement est un droit fondamental <\/center> <\/h5>\n<p><strong>D\u00e9claration de la CGT <\/strong><\/p>\n<p><a href=\"https:\/\/www.ulcgtivry.fr\/blog\/wp-content\/uploads\/2022_uploads\/220702_manifestation_Paris_avortement.jpg\"><img loading=\"lazy\" decoding=\"async\" src=\"https:\/\/www.ulcgtivry.fr\/blog\/wp-content\/uploads\/2022_uploads\/220702_manifestation_Paris_avortement.jpg\" Manifestation Paris 2 juillet 2022\" width=\"200\" height=\"200\" class=\"alignleft\"\/><\/a><a href=\"https:\/\/www.ulcgtivry.fr\/blog\/wp-content\/uploads\/2022_uploads\/220702_manifestation_Paris_avortement1.jpg\"><img loading=\"lazy\" decoding=\"async\" src=\"https:\/\/www.ulcgtivry.fr\/blog\/wp-content\/uploads\/2022_uploads\/220702_manifestation_Paris_avortement1.jpg\" Manifestation Paris 2 juillet 2022\" width=\"200\" height=\"200\" class=\"alignright\"\/><\/a>Le droit des femmes \u00e0 disposer de leur corps doit \u00eatre garanti partout dans le monde !<\/p>\n<p>\u00ab&nbsp;<em>N\u2019oubliez jamais qu\u2019il suffira d\u2019une crise politique, \u00e9conomique ou religieuse pour que les droits des femmes soient remis en question. Ces droits ne sont jamais acquis. Vous devrez rester vigilantes votre vie durant.<\/em>&nbsp;\u00bb Simone de Beauvoir<\/p>\n<p>Vendredi 24 juin, la Cour supr\u00eame des \u00c9tats-Unis a mis fin \u00e0 une jurisprudence vieille de plus de 50 ans qui prot\u00e9geait le droit \u00e0 l\u2019avortement. M\u00eame si cette annulation ne rend pas l\u2019avortement ill\u00e9gal, il renvoie \u00e0 chaque \u00c9tat am\u00e9ricain la d\u00e9cision d\u2019autoriser ou non l\u2019IVG sur son territoire. <\/p>\n<p>D\u2019ores et d\u00e9j\u00e0, 26 d\u2019entre eux ont annonc\u00e9 qu\u2019ils allaient mettre en place des lois anti-IVG. Pour les r\u00e9actionnaires, cette d\u00e9cision n\u2019est qu\u2019une \u00e9tape ; c\u2019est, d\u00e9sormais, le droit \u00e0 la contraception qui est dans le viseur. <\/p>\n<p>Loin d\u2019une soi-disant volont\u00e9 de d\u00e9fendre la vie ainsi qu\u2019ils l\u2019affirment, il ne s\u2019agit, ni plus ni moins, que de contr\u00f4ler les femmes en remettant en cause leur droit fondamental \u00e0 disposer de leur corps. Remettre en cause le droit \u00e0 l\u2019avortement, c\u2019est enfermer les femmes au foyer et fragiliser leur droit au travail et \u00e0 l\u2019\u00e9ducation. C\u2019est fragiliser leur sant\u00e9 car n\u2019oublions pas que, dans le monde, une femme d\u00e9c\u00e8de toutes les 9 minutes des suites d\u2019un avortement clandestin. <\/p>\n<p>C\u2019est un recul historique pour les Am\u00e9ricaines et pour toutes les femmes, tant ce qui se passe dans la premi\u00e8re puissance mondiale donne le ton dans le reste du monde. <\/p>\n<p>Les mouvements anti-choix aux \u00c9tats-Unis ne sont pas isol\u00e9s et s\u2019inscrivent dans une offensive mondiale organis\u00e9e par l\u2019extr\u00eame-droite religieuse et r\u00e9actionnaire. Cette d\u00e9cision rappelle \u00e0 quel point les droits des femmes sont fragiles et confirme la n\u00e9cessit\u00e9 de combattre et lutter partout contre les id\u00e9es d\u2019extr\u00eame-droite. <\/p>\n<p>La CGT exprime tout son soutien aux Am\u00e9ricaines et aux organisations f\u00e9ministes qui continuent \u00e0 se battre contre cette d\u00e9cision inique. <\/p>\n<p>En France et en Europe, cette terrible nouvelle sonne comme une alerte. La CGT demande que l\u2019avortement soit inscrit dans la constitution afin d\u2019\u00eatre garanti comme un droit fondamental. Au-del\u00e0, son effectivit\u00e9 doit \u00eatre garantie. Par la mobilisation, nous avons gagn\u00e9 l\u2019allongement de 12 \u00e0 14 semaines des d\u00e9lais pour avorter mais cette d\u00e9cision n\u2019est pas effective partout et les d\u00e9crets d\u2019application ne sont pas sortis. Du fait de la politique d\u2019aust\u00e9rit\u00e9 conduite dans les h\u00f4pitaux, de nombreux centres IVG ont ferm\u00e9 ces derni\u00e8res ann\u00e9es, rendant ainsi toujours plus difficile l\u2019acc\u00e8s \u00e0 l\u2019avortement, notamment pour les femmes les plus jeunes et les plus pr\u00e9caires. <\/p>\n<p>En Europe, le drame v\u00e9cu par les r\u00e9fugi\u00e9es ukrainiennes rappelle que l\u2019acc\u00e8s \u00e0 l\u2019avortement est compliqu\u00e9, voire interdit en Pologne mais aussi en Roumanie et en Hongrie. Il y a urgence \u00e0 inscrire le droit \u00e0 l\u2019IVG dans la charte europ\u00e9enne des droits fondamentaux ! <\/p>\n<p>Aux c\u00f4t\u00e9s des associations f\u00e9ministes,<strong> la CGT appelle \u00e0 la mobilisation pour d\u00e9fendre le droit des femmes \u00e0 disposer de leur corps et s\u2019associera notamment \u00e0 la manifestation organis\u00e9e, ce samedi 2 juillet, \u00e0 Paris<\/strong>.<\/p>\n<p>Montreuil, le 29 juin 2022<\/p>\n","protected":false},"excerpt":{"rendered":"<p>MANIFESTATION SAMEDI 2 JUILLET 2022 \u00e0 14H30 Place LAROQUE (M\u00e9tro St Fran\u00e7ois Xavier) Pour le droit des femmes \u00e0 disposer de leur corps, L\u2019avortement est&hellip; <\/p>\n","protected":false},"author":1,"featured_media":0,"comment_status":"closed","ping_status":"closed","sticky":false,"template":"","format":"standard","meta":{"ngg_post_thumbnail":0,"_jetpack_memberships_contains_paid_content":false,"footnotes":"","_links_to":"","_links_to_target":""},"categories":[3,4],"tags":[43],"class_list":["post-696","post","type-post","status-publish","format-standard","hentry","category-actualite","category-evenements","tag-droits-des-femmes"],"jetpack_featured_media_url":"","jetpack_sharing_enabled":true,"_links":{"self":[{"href":"https:\/\/www.ulcgtivry.fr\/blog\/wp-json\/wp\/v2\/posts\/696","targetHints":{"allow":["GET"]}}],"collection":[{"href":"https:\/\/www.ulcgtivry.fr\/blog\/wp-json\/wp\/v2\/posts"}],"about":[{"href":"https:\/\/www.ulcgtivry.fr\/blog\/wp-json\/wp\/v2\/types\/post"}],"author":[{"embeddable":true,"href":"https:\/\/www.ulcgtivry.fr\/blog\/wp-json\/wp\/v2\/users\/1"}],"replies":[{"embeddable":true,"href":"https:\/\/www.ulcgtivry.fr\/blog\/wp-json\/wp\/v2\/comments?post=696"}],"version-history":[{"count":0,"href":"https:\/\/www.ulcgtivry.fr\/blog\/wp-json\/wp\/v2\/posts\/696\/revisions"}],"wp:attachment":[{"href":"https:\/\/www.ulcgtivry.fr\/blog\/wp-json\/wp\/v2\/media?parent=696"}],"wp:term":[{"taxonomy":"category","embeddable":true,"href":"https:\/\/www.ulcgtivry.fr\/blog\/wp-json\/wp\/v2\/categories?post=696"},{"taxonomy":"post_tag","embeddable":true,"href":"https:\/\/www.ulcgtivry.fr\/blog\/wp-json\/wp\/v2\/tags?post=696"}],"curies":[{"name":"wp","href":"https:\/\/api.w.org\/{rel}","templated":true}]}}