{"id":702,"date":"2022-07-01T19:29:23","date_gmt":"2022-07-01T17:29:23","guid":{"rendered":"https:\/\/www.ulcgtivry.fr\/blog\/?p=702"},"modified":"2022-07-13T21:52:26","modified_gmt":"2022-07-13T19:52:26","slug":"degel-du-point-dindice-insuffisant","status":"publish","type":"post","link":"https:\/\/www.ulcgtivry.fr\/blog\/2022\/07\/degel-du-point-dindice-insuffisant\/","title":{"rendered":"D\u00e9gel du point d\u2019indice : insuffisant&nbsp;!"},"content":{"rendered":"<p>Le ministre de la Transformation et de la Fonction publique a annonc\u00e9, mardi 29 juin, une augmentation de 3,5 % de la valeur du point d\u2019indice applicable au 1er juillet. Pour la CGT, ce premier pas reste insuffisant au regard des pertes cumul\u00e9es avec le gel du point depuis plus de vingt ans.<\/p>\n<p>Avec une revalorisation de 3,5%, le gouvernement confirme que le seul moyen efficace d\u2019augmenter les salaires de tous les personnels de la Fonction publique, c\u2019est d\u2019augmenter la valeur du point d\u2019indice. Il reconna\u00eet ainsi l\u2019erreur profonde qu\u2019a constitu\u00e9 le maintien du gel depuis le d\u00e9but de la pr\u00e9sidence Macron. <\/p>\n<p>Il s\u2019agit d\u2019une v\u00e9ritable d\u00e9faite id\u00e9ologique, qui marque l\u2019\u00e9chec des politiques salariales fond\u00e9es sur l\u2019individualisation et la multiplication des mesures parcellaires.<\/p>\n<p>Cette premi\u00e8re br\u00e8che est \u00e0 mettre au cr\u00e9dit des luttes men\u00e9es par les personnels fonctionnaires et non-titulaires avec leurs organisations syndicales, dont la CGT qui a toujours port\u00e9 la valeur du point comme une bataille centrale.<\/p>\n<p>Lire la suite sur le <a href=\"https:\/\/www.cgt.fr\/actualites\/france\/services-publics\/salaires\/degel-du-point-dindice-insuffisant\">site de la CGT<\/a>. <\/p>\n","protected":false},"excerpt":{"rendered":"<p>Le ministre de la Transformation et de la Fonction publique a annonc\u00e9, mardi 29 juin, une augmentation de 3,5 % de la valeur du point&hellip; <\/p>\n","protected":false},"author":1,"featured_media":0,"comment_status":"closed","ping_status":"closed","sticky":false,"template":"","format":"standard","meta":{"ngg_post_thumbnail":0,"_jetpack_memberships_contains_paid_content":false,"footnotes":"","_links_to":"","_links_to_target":""},"categories":[3],"tags":[36,20],"class_list":["post-702","post","type-post","status-publish","format-standard","hentry","category-actualite","tag-fonction-publique","tag-salaires"],"jetpack_featured_media_url":"","jetpack_sharing_enabled":true,"_links":{"self":[{"href":"https:\/\/www.ulcgtivry.fr\/blog\/wp-json\/wp\/v2\/posts\/702","targetHints":{"allow":["GET"]}}],"collection":[{"href":"https:\/\/www.ulcgtivry.fr\/blog\/wp-json\/wp\/v2\/posts"}],"about":[{"href":"https:\/\/www.ulcgtivry.fr\/blog\/wp-json\/wp\/v2\/types\/post"}],"author":[{"embeddable":true,"href":"https:\/\/www.ulcgtivry.fr\/blog\/wp-json\/wp\/v2\/users\/1"}],"replies":[{"embeddable":true,"href":"https:\/\/www.ulcgtivry.fr\/blog\/wp-json\/wp\/v2\/comments?post=702"}],"version-history":[{"count":0,"href":"https:\/\/www.ulcgtivry.fr\/blog\/wp-json\/wp\/v2\/posts\/702\/revisions"}],"wp:attachment":[{"href":"https:\/\/www.ulcgtivry.fr\/blog\/wp-json\/wp\/v2\/media?parent=702"}],"wp:term":[{"taxonomy":"category","embeddable":true,"href":"https:\/\/www.ulcgtivry.fr\/blog\/wp-json\/wp\/v2\/categories?post=702"},{"taxonomy":"post_tag","embeddable":true,"href":"https:\/\/www.ulcgtivry.fr\/blog\/wp-json\/wp\/v2\/tags?post=702"}],"curies":[{"name":"wp","href":"https:\/\/api.w.org\/{rel}","templated":true}]}}