{"id":732,"date":"2022-07-13T14:51:55","date_gmt":"2022-07-13T12:51:55","guid":{"rendered":"https:\/\/www.ulcgtivry.fr\/blog\/?p=732"},"modified":"2022-07-25T17:10:37","modified_gmt":"2022-07-25T15:10:37","slug":"rassemblement-le-19-juillet-contre-la-loi-de-transformation-de-la-fonction-publique","status":"publish","type":"post","link":"https:\/\/www.ulcgtivry.fr\/blog\/2022\/07\/rassemblement-le-19-juillet-contre-la-loi-de-transformation-de-la-fonction-publique\/","title":{"rendered":"Rassemblement le 19 juillet contre la loi de transformation de la fonction publique"},"content":{"rendered":"<p>Le conseil constitutionnel va statuer sur la constitutionnalit\u00e9 de la loi de transformation de la fonction publique<\/p>\n<p>Gr\u00e2ce \u00e0 la mobilisation des agents territoriaux et de l&rsquo;engagement de maires progressistes du Val-de-Marne, la remise en cause de l&rsquo;autonomie politique et financi\u00e8re des employeurs territoriaux\u00a0 inscrite \u00e0 l&rsquo;article 72 de la Constitution a \u00e9t\u00e9 soumise au Conseil constitutionnel apr\u00e8s validation du Conseil d&rsquo;Etat.<\/p>\n<p>Cette question devrait \u00eatre tranch\u00e9e<br \/>\n<center><strong>mardi 19 juillet \u00e0 partir de 9h30<br \/>\nau si\u00e8ge du Conseil constitutionnel,<br \/>\nrue de Montpensier<br \/>\n75001 PARIS<\/strong><\/center><\/p>\n<p>L&rsquo;Union locale appelle\u00a0\u00e0 la mobilisation de tous les agent.es et usager.es contre cette loi qui d\u00e9poss\u00e8de les collectivit\u00e9s territoriales de leurs pr\u00e9rogatives et\u00a0qui va \u00e0 lencontre du progr\u00e8s social du \u00ab\u00a0Travailler moins, travailler mieux, travailler tous\u00a0\u00bb. <\/p>\n","protected":false},"excerpt":{"rendered":"<p>Le conseil constitutionnel va statuer sur la constitutionnalit\u00e9 de la loi de transformation de la fonction publique Gr\u00e2ce \u00e0 la mobilisation des agents territoriaux et&hellip; <\/p>\n","protected":false},"author":30,"featured_media":0,"comment_status":"closed","ping_status":"closed","sticky":false,"template":"","format":"standard","meta":{"ngg_post_thumbnail":0,"_jetpack_memberships_contains_paid_content":false,"footnotes":"","_links_to":"","_links_to_target":""},"categories":[3,4],"tags":[36,45],"class_list":["post-732","post","type-post","status-publish","format-standard","hentry","category-actualite","category-evenements","tag-fonction-publique","tag-luttes"],"jetpack_featured_media_url":"","jetpack_sharing_enabled":true,"_links":{"self":[{"href":"https:\/\/www.ulcgtivry.fr\/blog\/wp-json\/wp\/v2\/posts\/732","targetHints":{"allow":["GET"]}}],"collection":[{"href":"https:\/\/www.ulcgtivry.fr\/blog\/wp-json\/wp\/v2\/posts"}],"about":[{"href":"https:\/\/www.ulcgtivry.fr\/blog\/wp-json\/wp\/v2\/types\/post"}],"author":[{"embeddable":true,"href":"https:\/\/www.ulcgtivry.fr\/blog\/wp-json\/wp\/v2\/users\/30"}],"replies":[{"embeddable":true,"href":"https:\/\/www.ulcgtivry.fr\/blog\/wp-json\/wp\/v2\/comments?post=732"}],"version-history":[{"count":0,"href":"https:\/\/www.ulcgtivry.fr\/blog\/wp-json\/wp\/v2\/posts\/732\/revisions"}],"wp:attachment":[{"href":"https:\/\/www.ulcgtivry.fr\/blog\/wp-json\/wp\/v2\/media?parent=732"}],"wp:term":[{"taxonomy":"category","embeddable":true,"href":"https:\/\/www.ulcgtivry.fr\/blog\/wp-json\/wp\/v2\/categories?post=732"},{"taxonomy":"post_tag","embeddable":true,"href":"https:\/\/www.ulcgtivry.fr\/blog\/wp-json\/wp\/v2\/tags?post=732"}],"curies":[{"name":"wp","href":"https:\/\/api.w.org\/{rel}","templated":true}]}}