{"id":800,"date":"2022-07-16T19:12:26","date_gmt":"2022-07-16T17:12:26","guid":{"rendered":"https:\/\/www.ulcgtivry.fr\/blog\/?p=800"},"modified":"2022-07-16T19:18:08","modified_gmt":"2022-07-16T17:18:08","slug":"alerte-sur-la-securite-sociale","status":"publish","type":"post","link":"https:\/\/www.ulcgtivry.fr\/blog\/2022\/07\/alerte-sur-la-securite-sociale\/","title":{"rendered":"Alerte sur la S\u00e9curit\u00e9 sociale"},"content":{"rendered":"<p><img loading=\"lazy\" decoding=\"async\" src=\"https:\/\/www.ulcgtivry.fr\/blog\/wp-content\/uploads\/2022_uploads\/2207008_CGT_retraites.png\" alt=\"CGT retrait\u00e9s\" width=\"100\" height=\"80\" class=\"alignleft\"\/><a href=\"https:\/\/www.ulcgtivry.fr\/blog\/wp-content\/uploads\/2022_uploads\/220706_alerte_securite_sociale.pdf\" target=\"_blank\" rel=\"noopener\"><img loading=\"lazy\" decoding=\"async\" src=\"https:\/\/www.ulcgtivry.fr\/blog\/wp-content\/uploads\/2022_uploads\/220706_alerte_securite_sociale.jpg\" alt=\"alerte s\u00e9curit\u00e9 sociale\" width=\"250\" height=\"300\" class=\"alignright\"\/><\/a>R\u00e9cemment, le Comit\u00e9 d&rsquo;alerte sur le respect de 1&rsquo;objectif national de d\u00e9penses d&rsquo;assurance-maladie (ONDAM) a \u00e9mis un avis qui confirme nos craintes \u00e9voqu\u00e9es lors de la ratification de la loi du 19 juillet 2021.<\/p>\n<p>Cette derni\u00e8re a renforc\u00e9 le pilotage financier de la S\u00e9curit\u00e9 sociale par l&rsquo;\u00c9tat en soumettant l&rsquo;ensemble des branches de la S\u00e9curit\u00e9 sociale \u00e0 une r\u00e8gle d&rsquo;\u00e9quilibre financier \u00e0 l&rsquo;instar de la \u00ab r\u00e8gle d&rsquo;or \u00bb.<\/p>\n<p>Chaque branche ne pourra pas d\u00e9penser plus que ce qu&rsquo;elle ne re\u00e7oit. Or, avec les importantes exon\u00e9rations de cotisations sociales, donc baisses de recettes, les d\u00e9penses \u00e0 venir vont de ce fait diminuer, ass\u00e9chant consid\u00e9rablement les moyens de 1&rsquo;h\u00f4pital public notamment.<\/p>\n<p>Dans son avis, le Comit\u00e9 d&rsquo;alerte \u00e9voque les risques de d\u00e9passement de l&rsquo;ONDAM, d\u00e9j\u00e0 sous-\u00e9valu\u00e9 \u00e0 236,8 milliards d&rsquo;euros, \u00e0 cause des d\u00e9penses dues \u00e0 la crise sanitaire qui sont en hausse pour le premier semestre 2022.<\/p>\n<p>La provision de la LFSS 2022 (loi de financement de la S\u00e9curit\u00e9 sociale) pour faire face aux surco\u00fbts de la crise sanitaire pourrait \u00eatre d\u00e9pass\u00e9e de 3,9 milliards d&rsquo;euros \u00e0 5,4 milliards d&rsquo;euros, sans que ce chiffre puisse \u00eatre consid\u00e9r\u00e9 comme un plafond en cas d&rsquo;\u00e9mergence d&rsquo;une nouvelle vague \u00e9pid\u00e9mique plus intense (ce qui semble se confirmer actuellement).<\/p>\n<p>Cela sous-entend que la S\u00e9curit\u00e9 sociale devra trouver des \u00e9conomies pr\u00e9visibles, afin de respecter la loi du 19 juillet 2021 pour compenser ces hausses. <\/p>\n<p>On comprend mieux les tensions dont est victime aujourd&rsquo;hui l&rsquo;h\u00f4pital public et principalement les services d&rsquo;urgences qui ferment les uns apr\u00e8s les autres, soit totalement, soit une partie de la journ\u00e9e.<\/p>\n<p>Aujourd&rsquo;hui, 120 services d&rsquo;urgences se voient contraints de limiter leur activit\u00e9 ou de fermer faute de professionnels, ce qui repr\u00e9sente plus de 20 % de structures d&rsquo;urgences fran\u00e7aises.<\/p>\n<p>Tous les \u00e9tablissements sont touch\u00e9s, qu&rsquo;il s&rsquo;agisse de CHU ou des h\u00f4pitaux de proximit\u00e9.<\/p>\n<p>Face \u00e0 ces pressions, ce n&rsquo;est pas une mission \u00ab flash \u00bb sur l&rsquo;organisation des urgences qui r\u00e9soudra la crise.<br \/>\nCe sont des mesures concr\u00e8tes et imm\u00e9diates qui sont n\u00e9cessaires, ave des moyens \u00e0 la hauteur des enjeux, pour r\u00e9pondre aux besoins de la population.<\/p>\n<p>La CGT revendique la cr\u00e9ation de 100 000 emplois de soignants, \u00e0 la fois pour pallier les manques, mais aussi pour garantir un accueil et une prise en charge de qualit\u00e9, tout autant qu&rsquo;une am\u00e9lioration des conditions de travail des soignants.<\/p>\n<p>Pour cela, le gouvernement doit revenir sur cette loi du 19 juillet 2021 et dans un premier temps suspendre toute exon\u00e9ration de cotisation sociale qui affaiblit les recettes de la S\u00e9curit\u00e9 sociale.<\/p>\n<p><strong>Une augmentation des salaires et pensions, absolument n\u00e9cessaire au vu de l&rsquo;inflation actuelle, permettrait \u00e9galement d&rsquo;assurer des moyens financiers suppl\u00e9mentaires \u00e0 la S\u00e9curit\u00e9 sociale.<\/strong><\/p>\n","protected":false},"excerpt":{"rendered":"<p>R\u00e9cemment, le Comit\u00e9 d&rsquo;alerte sur le respect de 1&rsquo;objectif national de d\u00e9penses d&rsquo;assurance-maladie (ONDAM) a \u00e9mis un avis qui confirme nos craintes \u00e9voqu\u00e9es lors de&hellip; <\/p>\n","protected":false},"author":1,"featured_media":0,"comment_status":"closed","ping_status":"closed","sticky":false,"template":"","format":"standard","meta":{"ngg_post_thumbnail":0,"_jetpack_memberships_contains_paid_content":false,"footnotes":"","_links_to":"","_links_to_target":""},"categories":[3,47,26],"tags":[49,48,27],"class_list":["post-800","post","type-post","status-publish","format-standard","hentry","category-actualite","category-retraites","category-sante","tag-protection-sociale","tag-retraites","tag-sante"],"jetpack_featured_media_url":"","jetpack_sharing_enabled":true,"_links":{"self":[{"href":"https:\/\/www.ulcgtivry.fr\/blog\/wp-json\/wp\/v2\/posts\/800","targetHints":{"allow":["GET"]}}],"collection":[{"href":"https:\/\/www.ulcgtivry.fr\/blog\/wp-json\/wp\/v2\/posts"}],"about":[{"href":"https:\/\/www.ulcgtivry.fr\/blog\/wp-json\/wp\/v2\/types\/post"}],"author":[{"embeddable":true,"href":"https:\/\/www.ulcgtivry.fr\/blog\/wp-json\/wp\/v2\/users\/1"}],"replies":[{"embeddable":true,"href":"https:\/\/www.ulcgtivry.fr\/blog\/wp-json\/wp\/v2\/comments?post=800"}],"version-history":[{"count":0,"href":"https:\/\/www.ulcgtivry.fr\/blog\/wp-json\/wp\/v2\/posts\/800\/revisions"}],"wp:attachment":[{"href":"https:\/\/www.ulcgtivry.fr\/blog\/wp-json\/wp\/v2\/media?parent=800"}],"wp:term":[{"taxonomy":"category","embeddable":true,"href":"https:\/\/www.ulcgtivry.fr\/blog\/wp-json\/wp\/v2\/categories?post=800"},{"taxonomy":"post_tag","embeddable":true,"href":"https:\/\/www.ulcgtivry.fr\/blog\/wp-json\/wp\/v2\/tags?post=800"}],"curies":[{"name":"wp","href":"https:\/\/api.w.org\/{rel}","templated":true}]}}