{"id":815,"date":"2022-07-17T13:44:49","date_gmt":"2022-07-17T11:44:49","guid":{"rendered":"https:\/\/www.ulcgtivry.fr\/blog\/?p=815"},"modified":"2022-07-17T14:01:15","modified_gmt":"2022-07-17T12:01:15","slug":"la-cotisation-fondement-du-financement-de-la-securite-sociale","status":"publish","type":"post","link":"https:\/\/www.ulcgtivry.fr\/blog\/2022\/07\/la-cotisation-fondement-du-financement-de-la-securite-sociale\/","title":{"rendered":"La cotisation, fondement du financement de la S\u00e9curit\u00e9 Sociale"},"content":{"rendered":"<p>Les ordonnances des 4 et 19 octobre 1945 et la loi Croizat du 22 mai 1946 fondent la S\u00e9curit\u00e9 sociale qui assurera l\u2019universalit\u00e9 des prestations sociales en mati\u00e8re de sant\u00e9, de famille et de retraites.<\/p>\n<p>Les fondamentaux de la S\u00e9curit\u00e9 sociale d\u2019Ambroise Croizat forment un tout indissociable.<\/p>\n<p>La base est la cotisation : \u00ab&nbsp;chacun cotise selon ses moyens et re\u00e7oit selon ses besoins&nbsp;\u00bb.<\/p>\n\n<table id=\"tablepress-2\" class=\"tablepress tablepress-id-2\">\n<tbody>\n<tr class=\"row-1\">\n\t<td class=\"column-1\"><ul><br \/>\n<li>  \u00ab&nbsp;Chacun re\u00e7oit selon ses besoins&nbsp;\u00bb, c\u2019est l\u2019oppos\u00e9 des budgets \u00ab&nbsp;contraints&nbsp;\u00bb, du retour aux \u00e9quilibres budg\u00e9taires, \u00e0 la \u00ab&nbsp;r\u00e8gle d\u2019or&nbsp;\u00bb vot\u00e9e le 19 juillet 2021, au remboursement int\u00e9gral de la dette sociale vot\u00e9e le 7 ao\u00fbt 2020. <\/li><br \/>\n<li> La cotisation doit permettre de satisfaire les besoins, de la naissance \u00e0 la mort. Si n\u00e9cessaire, on augmente la cotisation au lieu de diminuer les prestations. <\/li>  <\/ul><\/td><td class=\"column-2\"><a href=\"https:\/\/www.ulcgtivry.fr\/blog\/wp-content\/uploads\/2022_uploads\/220628_argumentaire_securite_sociale.pdf\" target=\"_blank\" rel=\"noopener\"><img loading=\"lazy\" decoding=\"async\" src=\"https:\/\/www.ulcgtivry.fr\/blog\/wp-content\/uploads\/2022_uploads\/220628_argumentaire_securite_sociale1.png\" alt=\"communiqu\u00e9 augmentation des pensions\" width=\"300\" height=\"200\" class=\"alignright\"\/><\/a><br \/>\n<center><em>Cliquez sur l'image pour afficher le document.<br \/>\nEffectuez un clic droit pour t\u00e9l\u00e9charger le document sur votre ordinateur. <\/em> <\/center><\/td>\n<\/tr>\n<\/tbody>\n<\/table>\n<!-- #tablepress-2 from cache -->\n<ul>\n<li> Comme la cotisation est une part des salaires &#8211; le salaire brut &#8211; c\u2019est aux repr\u00e9sentants \u00e9lus des salari\u00e9s de g\u00e9rer la S\u00e9curit\u00e9 sociale. <\/li>\n<\/ul>\n<p>\u00c0 l\u2019inverse, lorsqu\u2019on fiscalise, c\u2019est au Parlement de voter le budget. Les ordonnances Jupp\u00e9 de 1996 constituant les lois de financement de la S\u00e9curit\u00e9 sociale sont la cons\u00e9quence directe de la Contribution Sociale G\u00e9n\u00e9ralis\u00e9e (CSG) de Rocard, c\u2019est-\u00e0-dire l\u2019introduction d\u2019un financement par l\u2019imp\u00f4t, en lieu et place des cotisations sociales.<\/p>\n<ul>\n<li> La S\u00e9curit\u00e9 sociale, contrairement \u00e0 certaines attaques, parfois venues de gauche, est universelle. Elle couvre tout le monde. Pour qu\u2019elle reste universelle, il faut maintenir l\u2019obligation et le monopole d\u2019affiliation. <\/li>\n<\/ul>\n<p><center><img loading=\"lazy\" decoding=\"async\" src=\"https:\/\/www.ulcgtivry.fr\/blog\/wp-content\/uploads\/2022_uploads\/220628_argumentaire_securite_sociale2.png\" alt=\"argumentaire s\u00e9curit\u00e9 sociale \" width=\"600\" height=\"300\"\/> <\/center><\/p>\n","protected":false},"excerpt":{"rendered":"<p>Les ordonnances des 4 et 19 octobre 1945 et la loi Croizat du 22 mai 1946 fondent la S\u00e9curit\u00e9 sociale qui assurera l\u2019universalit\u00e9 des prestations&hellip; <\/p>\n","protected":false},"author":1,"featured_media":0,"comment_status":"closed","ping_status":"closed","sticky":false,"template":"","format":"standard","meta":{"ngg_post_thumbnail":0,"_jetpack_memberships_contains_paid_content":false,"footnotes":"","_links_to":"","_links_to_target":""},"categories":[3,47],"tags":[49,48],"class_list":["post-815","post","type-post","status-publish","format-standard","hentry","category-actualite","category-retraites","tag-protection-sociale","tag-retraites"],"jetpack_featured_media_url":"","jetpack_sharing_enabled":true,"_links":{"self":[{"href":"https:\/\/www.ulcgtivry.fr\/blog\/wp-json\/wp\/v2\/posts\/815","targetHints":{"allow":["GET"]}}],"collection":[{"href":"https:\/\/www.ulcgtivry.fr\/blog\/wp-json\/wp\/v2\/posts"}],"about":[{"href":"https:\/\/www.ulcgtivry.fr\/blog\/wp-json\/wp\/v2\/types\/post"}],"author":[{"embeddable":true,"href":"https:\/\/www.ulcgtivry.fr\/blog\/wp-json\/wp\/v2\/users\/1"}],"replies":[{"embeddable":true,"href":"https:\/\/www.ulcgtivry.fr\/blog\/wp-json\/wp\/v2\/comments?post=815"}],"version-history":[{"count":0,"href":"https:\/\/www.ulcgtivry.fr\/blog\/wp-json\/wp\/v2\/posts\/815\/revisions"}],"wp:attachment":[{"href":"https:\/\/www.ulcgtivry.fr\/blog\/wp-json\/wp\/v2\/media?parent=815"}],"wp:term":[{"taxonomy":"category","embeddable":true,"href":"https:\/\/www.ulcgtivry.fr\/blog\/wp-json\/wp\/v2\/categories?post=815"},{"taxonomy":"post_tag","embeddable":true,"href":"https:\/\/www.ulcgtivry.fr\/blog\/wp-json\/wp\/v2\/tags?post=815"}],"curies":[{"name":"wp","href":"https:\/\/api.w.org\/{rel}","templated":true}]}}