{"id":836,"date":"2022-07-17T14:11:48","date_gmt":"2022-07-17T12:11:48","guid":{"rendered":"https:\/\/www.ulcgtivry.fr\/blog\/?p=836"},"modified":"2022-07-17T14:11:48","modified_gmt":"2022-07-17T12:11:48","slug":"pensions-niveau-maintenu-un-gros-mensonge","status":"publish","type":"post","link":"https:\/\/www.ulcgtivry.fr\/blog\/2022\/07\/pensions-niveau-maintenu-un-gros-mensonge\/","title":{"rendered":"Pensions niveau maintenu : un gros mensonge"},"content":{"rendered":"<p>\n<table id=\"tablepress-3\" class=\"tablepress tablepress-id-3\">\n<tbody>\n<tr class=\"row-1\">\n\t<td class=\"column-1\">En application du Code de la S\u00e9curit\u00e9 sociale, le gouvernement a accord\u00e9 aux retrait\u00e9.e.s une revalorisation des pensions des retraites de base de 1,1&nbsp;% au 1er janvier 2022. Il consid\u00e8re qu\u2019ainsi il a assur\u00e9 le maintien du niveau de vie des retrait\u00e9s. C\u2019est un mensonge !<br \/>\n<br \/>\nSi le d\u00e9part de cette amputation du pouvoir d\u2019achat des pensions de retraite date de 1987 avec la d\u00e9cision de S\u00e9guin dans le cadre du gouvernement de cohabitation de d\u00e9sindexer la revalorisation par rapport au salaire moyen pour y substituer une revalorisation sur l\u2019indice des prix INSEE, c\u2019est \u00e0 partir du gouvernement Sarkozy que cette d\u00e9gradation a \u00e9t\u00e9 en constante aggravation. (...)<\/td><td class=\"column-2\"><a href=\"https:\/\/www.ulcgtivry.fr\/blog\/wp-content\/uploads\/2022_uploads\/220628_argumentaire_pensions.pdf\" target=\"_blank\" rel=\"noopener\"><img loading=\"lazy\" decoding=\"async\" src=\"https:\/\/www.ulcgtivry.fr\/blog\/wp-content\/uploads\/2022_uploads\/220628_argumentaire_pensions.png\" alt=\"argumentaire pensions\" width=\"300\" height=\"200\" class=\"alignright\"\/><\/a><br \/>\n<center><em>Cliquez sur l'image pour afficher le document.<br \/>\nEffectuez un clic droit pour t\u00e9l\u00e9charger le document sur votre ordinateur. <\/em> <\/center><\/td>\n<\/tr>\n<\/tbody>\n<\/table>\n<!-- #tablepress-3 from cache --><br \/>\nEn plus de ces attaques contre les revalorisations des pensions de retraite, des mesures fiscales sont venues encore renforcer cette r\u00e9duction du pouvoir d\u2019achat. Sarkozy a supprim\u00e9, \u00e0 compter de l\u2019imposition des revenus de l\u2019ann\u00e9e 2008, la demi-part suppl\u00e9mentaire en mati\u00e8re de calcul de l\u2019imp\u00f4t sur le revenu, pour la plupart des personnes vivant seules ayant \u00e9lev\u00e9 au moins un enfant (seules celles l\u2019ayant \u00e9lev\u00e9 seules pendant au moins 5 ans ont conserv\u00e9 cette demi-part). Hollande a instaur\u00e9 la contribution additionnelle de solidarit\u00e9 pour l\u2019autonomie (CASA) de 0,3 % au 1er avril 2013 et l\u2019imposition de la majoration de pension \u00e0 l\u2019imp\u00f4t sur le revenu pour les parents de trois enfants et plus \u00e0 compter de l\u2019imposition des revenus de 2013. Quant \u00e0 Macron il a augment\u00e9 de 1,7 point le taux de la CSG pour la majorit\u00e9 des retrait\u00e9.e.s \u00e0 compter du 1er janvier 2018. Il a \u00e9t\u00e9 contraint d\u2019annuler cette augmentation pour certains retrait\u00e9s en 2019 compte-tenu des mobilisations intervenues en 2018.<\/p>\n<p>(&#8230;)<\/p>\n<h5> L\u2019ind\u00e9cence de la revalorisation des grandes fortunes fran\u00e7aises <\/h5>\n<p>Alors que les fortunes des milliardaires fran\u00e7ais explosent, pr\u00e8s de 100 milliards suppl\u00e9mentaires, entre mars 2020 et octobre 2021, pour Bernard Arnault (173 milliards pour les 5 plus grandes fortunes de France) la majorit\u00e9 des retrait\u00e9.e.s ont du mal \u00e0 boucler les fins de mois.<\/p>\n<h5> Une revalorisation indispensable des pensions de retraite <\/h5>\n<p>Augmenter les pensions c\u2019est permettre une relance de la consommation. Les retrait\u00e9.e.s n\u2019iront pas faire fructifier cet argent dans des paradis fiscaux. 300 \u20ac mensuels de majoration pour tou.te.s les retrait\u00e9.e.s, c\u2019est de l\u2019ordre de 60 milliards par an soit environ 3 fois moins que l\u2019augmentation de la fortune des 5 plus grandes de France. Ces 60 milliards seront inject\u00e9s dans le circuit \u00e9conomique et une partie reviendra dans le budget de l\u2019\u00c9tat par le biais des imp\u00f4ts, ce qui permettra d\u2019am\u00e9liorer la situation des services de sant\u00e9 et des services publics.<\/p>\n<p>Pour financer ces majorations plusieurs sources sont possibles : la fin des exon\u00e9rations de cotisations sociales (70 milliards), l\u2019\u00e9galit\u00e9 salariale femme-homme (20 milliards), une augmentation des cotisations patronales, les cr\u00e9ations d\u2019emplois, le budget de l\u2019\u00e9tat pour la fonction publique d\u2019\u00c9tat, etc.. Le gouvernement a su trouver 400 milliards pour aider les entreprises et il ne serait pas possible de satisfaire les revendications des retrait\u00e9.e.s&nbsp;?<\/p>\n","protected":false},"excerpt":{"rendered":"<p>En plus de ces attaques contre les revalorisations des pensions de retraite, des mesures fiscales sont venues encore renforcer cette r\u00e9duction du pouvoir d\u2019achat. Sarkozy&hellip; <\/p>\n","protected":false},"author":1,"featured_media":0,"comment_status":"closed","ping_status":"closed","sticky":false,"template":"","format":"standard","meta":{"ngg_post_thumbnail":0,"_jetpack_memberships_contains_paid_content":false,"footnotes":"","_links_to":"","_links_to_target":""},"categories":[3,47],"tags":[49,48],"class_list":["post-836","post","type-post","status-publish","format-standard","hentry","category-actualite","category-retraites","tag-protection-sociale","tag-retraites"],"jetpack_featured_media_url":"","jetpack_sharing_enabled":true,"_links":{"self":[{"href":"https:\/\/www.ulcgtivry.fr\/blog\/wp-json\/wp\/v2\/posts\/836","targetHints":{"allow":["GET"]}}],"collection":[{"href":"https:\/\/www.ulcgtivry.fr\/blog\/wp-json\/wp\/v2\/posts"}],"about":[{"href":"https:\/\/www.ulcgtivry.fr\/blog\/wp-json\/wp\/v2\/types\/post"}],"author":[{"embeddable":true,"href":"https:\/\/www.ulcgtivry.fr\/blog\/wp-json\/wp\/v2\/users\/1"}],"replies":[{"embeddable":true,"href":"https:\/\/www.ulcgtivry.fr\/blog\/wp-json\/wp\/v2\/comments?post=836"}],"version-history":[{"count":0,"href":"https:\/\/www.ulcgtivry.fr\/blog\/wp-json\/wp\/v2\/posts\/836\/revisions"}],"wp:attachment":[{"href":"https:\/\/www.ulcgtivry.fr\/blog\/wp-json\/wp\/v2\/media?parent=836"}],"wp:term":[{"taxonomy":"category","embeddable":true,"href":"https:\/\/www.ulcgtivry.fr\/blog\/wp-json\/wp\/v2\/categories?post=836"},{"taxonomy":"post_tag","embeddable":true,"href":"https:\/\/www.ulcgtivry.fr\/blog\/wp-json\/wp\/v2\/tags?post=836"}],"curies":[{"name":"wp","href":"https:\/\/api.w.org\/{rel}","templated":true}]}}