{"id":848,"date":"2022-07-17T16:32:48","date_gmt":"2022-07-17T14:32:48","guid":{"rendered":"https:\/\/www.ulcgtivry.fr\/blog\/?p=848"},"modified":"2022-07-17T19:43:42","modified_gmt":"2022-07-17T17:43:42","slug":"les-pouvoirs-de-la-musique-sur-le-cerveau-pierre-lemarquis","status":"publish","type":"post","link":"https:\/\/www.ulcgtivry.fr\/blog\/2022\/07\/les-pouvoirs-de-la-musique-sur-le-cerveau-pierre-lemarquis\/","title":{"rendered":"Les pouvoirs de la musique sur le cerveau : Pierre Lemarquis"},"content":{"rendered":"<p>Pianiste virtuose, membre de la Soci\u00e9t\u00e9 fran\u00e7aise de neurologie, de la Soci\u00e9t\u00e9 de neurophysiologie clinique de langue fran\u00e7aise et de l&rsquo;Acad\u00e9mie des sciences de New York, Pierre Lemarquis travaille depuis trente ans sur les relations entre cerveau et musique. <\/p>\n<p>Il est notamment connu pour son livre <em>S\u00e9r\u00e9nade pour un cerveau musicien<\/em>. Dans l&rsquo;interview publi\u00e9e par Vie nouvelle, il d\u00e9crit son parcours et ses travaux. En tant que m\u00e9decin, il s&rsquo;est int\u00e9ress\u00e9 \u00e0 la musique dans les soins\u2026<\/p>\n<p>Apr\u00e8s la musique comme \u00e9l\u00e9ment de r\u00e9silience contre la souffrance, la maladie et le vieillissement, dans son dernier livre, il se penche particuli\u00e8rement sur les effets sur le cerveau des enfants\u2026<\/p>\n<blockquote><p><em> \u00ab\u00a0On pense avec des id\u00e9es, des \u00e9motions des concepts et pas avec des mots et des phrases d\u00e9taill\u00e9es. Lorsque la pens\u00e9e ruisselle dans notre esprit, c&rsquo;est quelque chose qui a \u00e0 voir avec le musical. Le fait de faire de la musique pour les enfants, comme pour les adultes, \u00e7a peut, d&rsquo;une part, les \u00e9panouir, donner un mieux-\u00eatre et, en m\u00eame temps, \u00e0 mieux \u00eatre et mieux penser. C&rsquo;est donc grandir en musique pour mieux penser.\u00a0\u00bb <\/em> <\/p><\/blockquote>\n<p>Lire l&rsquo;interview sur le site de <a href=\"https:\/\/nvo.fr\/interview-pierre-lemarquis-raconte-les-pouvoirs-de-la-musique-sur-le-cerveau\/\">NVO<\/a>.<\/p>\n","protected":false},"excerpt":{"rendered":"<p>Pianiste virtuose, membre de la Soci\u00e9t\u00e9 fran\u00e7aise de neurologie, de la Soci\u00e9t\u00e9 de neurophysiologie clinique de langue fran\u00e7aise et de l&rsquo;Acad\u00e9mie des sciences de New&hellip; <\/p>\n","protected":false},"author":1,"featured_media":0,"comment_status":"closed","ping_status":"closed","sticky":false,"template":"","format":"standard","meta":{"ngg_post_thumbnail":0,"_jetpack_memberships_contains_paid_content":false,"footnotes":"","_links_to":"","_links_to_target":""},"categories":[51],"tags":[52],"class_list":["post-848","post","type-post","status-publish","format-standard","hentry","category-lectures","tag-lectures"],"jetpack_featured_media_url":"","jetpack_sharing_enabled":true,"_links":{"self":[{"href":"https:\/\/www.ulcgtivry.fr\/blog\/wp-json\/wp\/v2\/posts\/848","targetHints":{"allow":["GET"]}}],"collection":[{"href":"https:\/\/www.ulcgtivry.fr\/blog\/wp-json\/wp\/v2\/posts"}],"about":[{"href":"https:\/\/www.ulcgtivry.fr\/blog\/wp-json\/wp\/v2\/types\/post"}],"author":[{"embeddable":true,"href":"https:\/\/www.ulcgtivry.fr\/blog\/wp-json\/wp\/v2\/users\/1"}],"replies":[{"embeddable":true,"href":"https:\/\/www.ulcgtivry.fr\/blog\/wp-json\/wp\/v2\/comments?post=848"}],"version-history":[{"count":0,"href":"https:\/\/www.ulcgtivry.fr\/blog\/wp-json\/wp\/v2\/posts\/848\/revisions"}],"wp:attachment":[{"href":"https:\/\/www.ulcgtivry.fr\/blog\/wp-json\/wp\/v2\/media?parent=848"}],"wp:term":[{"taxonomy":"category","embeddable":true,"href":"https:\/\/www.ulcgtivry.fr\/blog\/wp-json\/wp\/v2\/categories?post=848"},{"taxonomy":"post_tag","embeddable":true,"href":"https:\/\/www.ulcgtivry.fr\/blog\/wp-json\/wp\/v2\/tags?post=848"}],"curies":[{"name":"wp","href":"https:\/\/api.w.org\/{rel}","templated":true}]}}