{"id":942,"date":"2022-09-16T20:09:04","date_gmt":"2022-09-16T18:09:04","guid":{"rendered":"https:\/\/www.ulcgtivry.fr\/blog\/?p=942"},"modified":"2022-09-16T20:09:04","modified_gmt":"2022-09-16T18:09:04","slug":"la-fete-de-la-commune-de-paris-1871","status":"publish","type":"post","link":"https:\/\/www.ulcgtivry.fr\/blog\/2022\/09\/la-fete-de-la-commune-de-paris-1871\/","title":{"rendered":"La f\u00eate de la Commune de Paris 1871"},"content":{"rendered":"<p>Le 24 septembre prochain, <a href=\"https:\/\/www.commune1871.org\/nos-actualites\/vie-de-l-association\/2022\/1465-fete-de-la-commune-2022-24-septembre-de-14-a-20-h\">Les Amies et Amis de la Commune de PARIS 1871<\/a> propose de nous retrouver place de la Commune de Paris pour f\u00eater tous ensemble la r\u00e9volution du printemps 1871. Faire conna\u00eetre l\u2019histoire de la Commune, du mouvement ouvrier, des militants qui ont donn\u00e9 leur vie cette ann\u00e9e-l\u00e0, pour les droits humains, pour la justice sociale\u2026le combat est toujours \u00e0 mener.<\/p>\n<p>Le 24 septembre 2022, rejoignez-nous <\/p>\n<p><center>PLACE DE LA COMMUNE, PARIS XIIIe<br \/>\nAngle des rues de la Butte-aux-Cailles et de l\u2019Esp\u00e9rance<br \/>\nM\u00b0 PLACE d\u2019ITALIE ou CORVISART<\/center><\/p>\n<p><a href=\"https:\/\/www.ulcgtivry.fr\/blog\/wp-content\/uploads\/2022_uploads\/220916_Fete_de_la_Commune_2022.jpg\"><img loading=\"lazy\" decoding=\"async\" src=\"https:\/\/www.ulcgtivry.fr\/blog\/wp-content\/uploads\/2022_uploads\/220916_Fete_de_la_Commune_2022.jpg\" alt=\"F\u00eate de la Commune 2022\" width=\"250\" height=\"300\" class=\"alignright\"\/><\/a><\/p>\n<h4>Pr\u00e9sentation de la f\u00eate de la Commune de Paris <\/h4>\n<p>sur le site des  <a href=\"https:\/\/www.commune1871.org\/nos-actualites\/vie-de-l-association\/2022\/1465-fete-de-la-commune-2022-24-septembre-de-14-a-20-h\">Amies et Amis de la Commune de PARIS 1871<\/a> <\/h4>\n<p><em>Pendant deux mois, la Commune a port\u00e9 les valeurs de libert\u00e9, d\u2019\u00e9galit\u00e9 et de fraternit\u00e9, \u00e0 travers l\u2019\u00e9mer\u00adgence du droit du travail, l\u2019\u00e9cole la\u00efque gratuite pour tous, la s\u00e9paration de l\u2019\u00c9glise et de l\u2019\u00c9tat, la reconnaissance de la citoyennet\u00e9 aux \u00e9trangers et des avanc\u00e9es significatives vers l\u2019\u00e9galit\u00e9 salariale des femmes et des hommes. En 72 jours, la Commune cr\u00e9e la plus authentique d\u00e9mocratie qui ait jamais exist\u00e9 \u00e0 travers le monde. Une d\u00e9mocratie avec des \u00e9lus responsables et r\u00e9vocables s\u2019ils ne tiennent pas leurs engagements. Ils sont sans cesse contr\u00f4l\u00e9s par l\u2019opinion : c\u2019est le gouvernement du peuple par le peuple pour le peuple. Faire conna\u00eetre l\u2019oeuvre sociale et d\u00e9mocratique de la Commune, honorer la m\u00e9moire de ces femmes et de ces hommes qui ont lutt\u00e9 jusqu\u2019\u00e0 la mort pour un monde d\u2019humanit\u00e9 et de justice n\u2019est pas un acte pass\u00e9iste, mais c\u2019est montrer la modernit\u00e9 des d\u00e9cisions prises par la Commune, il y a 151 ans. Venez nombreux en discuter avec nous lors de notre f\u00eate 2022.<\/em><\/p>\n<h4> Le programme de la f\u00eate <\/h4>\n<ul>\n<li> 14h00 &#8211; Justine J\u00e9r\u00e9mie et Riki de la butte aux Cailles (chant et accord\u00e9on) <\/li>\n<li> 14h45 &#8211; Riton la Manivelle <\/li>\n<li> 15h30 &#8211; Nathalie Milon (chanteuse lyrique et chants latino-am\u00e9ricains) <\/li>\n<li> 16h15 &#8211; Th\u00e9\u00e2tre avec la pi\u00e8ce \u00ab Le rendez-vous du 18 mars \u00bb <\/li>\n<li> 17h00 &#8211; Intervention de Julien Landureau des Amies et Amis de la Commune <\/li>\n<li> 17h30 &#8211; Les Szgaboonistes (groupe rock) <\/li>\n<li> 18h15 &#8211; Marie Odile Chantran et Marc Perrone (vielle et accord\u00e9on) <\/li>\n<\/ul>\n<p><em>Avec Michel Pinglaut qui interviendra entre chaque groupe avec ses contes kanak.<\/p>\n<p>Et, pendant toute la f\u00eate, stands de livres, brochures, affiches, tee-shirts et objets de m\u00e9moire de la Commune, buvette et viennoiseries.<\/em><\/p>\n","protected":false},"excerpt":{"rendered":"<p>Le 24 septembre prochain, Les Amies et Amis de la Commune de PARIS 1871 propose de nous retrouver place de la Commune de Paris pour&hellip; <\/p>\n","protected":false},"author":1,"featured_media":0,"comment_status":"closed","ping_status":"closed","sticky":false,"template":"","format":"standard","meta":{"ngg_post_thumbnail":0,"_jetpack_memberships_contains_paid_content":false,"footnotes":"","_links_to":"","_links_to_target":""},"categories":[4],"tags":[30],"class_list":["post-942","post","type-post","status-publish","format-standard","hentry","category-evenements","tag-mouvement-ouvrier"],"jetpack_featured_media_url":"","jetpack_sharing_enabled":true,"_links":{"self":[{"href":"https:\/\/www.ulcgtivry.fr\/blog\/wp-json\/wp\/v2\/posts\/942","targetHints":{"allow":["GET"]}}],"collection":[{"href":"https:\/\/www.ulcgtivry.fr\/blog\/wp-json\/wp\/v2\/posts"}],"about":[{"href":"https:\/\/www.ulcgtivry.fr\/blog\/wp-json\/wp\/v2\/types\/post"}],"author":[{"embeddable":true,"href":"https:\/\/www.ulcgtivry.fr\/blog\/wp-json\/wp\/v2\/users\/1"}],"replies":[{"embeddable":true,"href":"https:\/\/www.ulcgtivry.fr\/blog\/wp-json\/wp\/v2\/comments?post=942"}],"version-history":[{"count":0,"href":"https:\/\/www.ulcgtivry.fr\/blog\/wp-json\/wp\/v2\/posts\/942\/revisions"}],"wp:attachment":[{"href":"https:\/\/www.ulcgtivry.fr\/blog\/wp-json\/wp\/v2\/media?parent=942"}],"wp:term":[{"taxonomy":"category","embeddable":true,"href":"https:\/\/www.ulcgtivry.fr\/blog\/wp-json\/wp\/v2\/categories?post=942"},{"taxonomy":"post_tag","embeddable":true,"href":"https:\/\/www.ulcgtivry.fr\/blog\/wp-json\/wp\/v2\/tags?post=942"}],"curies":[{"name":"wp","href":"https:\/\/api.w.org\/{rel}","templated":true}]}}