{"id":970,"date":"2022-09-17T10:24:25","date_gmt":"2022-09-17T08:24:25","guid":{"rendered":"https:\/\/www.ulcgtivry.fr\/blog\/?p=970"},"modified":"2022-09-17T10:24:25","modified_gmt":"2022-09-17T08:24:25","slug":"journees-daction-des-22-et-29-septembre-les-departs-collectifs-pour-se-rendre-aux-rassemblements","status":"publish","type":"post","link":"https:\/\/www.ulcgtivry.fr\/blog\/2022\/09\/journees-daction-des-22-et-29-septembre-les-departs-collectifs-pour-se-rendre-aux-rassemblements\/","title":{"rendered":"Journ\u00e9es d&rsquo;action des 22 et 29 septembre : les d\u00e9parts collectifs pour se rendre aux rassemblements"},"content":{"rendered":"<h4> Journ\u00e9e d&rsquo;action de la sant\u00e9 et du m\u00e9dico-social le mardi 22 septembre 2022 &#8211; rassemblement \u00e0 13 h &#8211; place de l&rsquo;H\u00f4tel de Ville (m\u00e9tro ligne 1)<\/h4>\n<p><font color=\"#FF0000\"> Syndicat CGT des h\u00f4pitaux de Saint-Maurice <\/font> <\/p>\n<ul>\n<li> D\u00e9part collectif depuis les h\u00f4pitaux de Saint-Maurice (HSM)\n<ul>\n<li> rendez-vous \u00e0 12 h 30 devant le local CGT-HSM <\/li>\n<li> rendez-vous \u00e0 12 h 45 devant l&rsquo;entr\u00e9e de l&rsquo;h\u00f4pital 12, rue du Val d&rsquo;Osne \u00e0 Saint-Maurice <\/li>\n<\/ul>\n<\/li>\n<li> T\u00e9l\u00e9chargez le tract des hospitaliers CGT des HSM en cliquant sur ce <a href=\"https:\/\/www.ulcgtivry.fr\/blog\/wp-content\/uploads\/2022_uploads\/220922_tract_HSM.jpg\" target=\"_blank\" rel=\"noopener\">lien<\/a>. <\/li>\n<\/ul>\n<h4> Journ\u00e9e d&rsquo;action nationale interprofessionnelle pour l&rsquo;augmentation des salaires, pensions et allocations. Contre la vie ch\u00e8re et la taxation imm\u00e9diate des profits et du capital &#8211; manifestation \u00e0 14 heures \u00e0 Denfert-Rochereau <\/h4>\n<p><font color=\"#FF0000\"> Syndicat G\u00e9n\u00e9ral CGT de territoriaux de la ville d&rsquo;Ivry-sur-Seine <\/font> <\/p>\n<ul>\n<li> Rendez-vous \u00e0 13 heures devant la Mairie d&rsquo;Ivry <\/li>\n<li> T\u00e9l\u00e9chargez le tract des agents territoriaux CGT d&rsquo;Ivry-sur-Seine en cliquant sur ce <a href=\"https:\/\/www.ulcgtivry.fr\/blog\/wp-content\/uploads\/2022_uploads\/220929_tract_territoriauxl_Ivry.pdf\" target=\"_blank\" rel=\"noopener\">lien<\/a>.<\/li>\n<\/ul>\n","protected":false},"excerpt":{"rendered":"<p>Journ\u00e9e d&rsquo;action de la sant\u00e9 et du m\u00e9dico-social le mardi 22 septembre 2022 &#8211; rassemblement \u00e0 13 h &#8211; place de l&rsquo;H\u00f4tel de Ville (m\u00e9tro&hellip; <\/p>\n","protected":false},"author":1,"featured_media":0,"comment_status":"closed","ping_status":"closed","sticky":false,"template":"","format":"standard","meta":{"ngg_post_thumbnail":0,"_jetpack_memberships_contains_paid_content":false,"footnotes":"","_links_to":"","_links_to_target":""},"categories":[3,4],"tags":[56,48,20,27,37],"class_list":["post-970","post","type-post","status-publish","format-standard","hentry","category-actualite","category-evenements","tag-pouvoir-dachat","tag-retraites","tag-salaires","tag-sante","tag-sevices-publics"],"jetpack_featured_media_url":"","jetpack_sharing_enabled":true,"_links":{"self":[{"href":"https:\/\/www.ulcgtivry.fr\/blog\/wp-json\/wp\/v2\/posts\/970","targetHints":{"allow":["GET"]}}],"collection":[{"href":"https:\/\/www.ulcgtivry.fr\/blog\/wp-json\/wp\/v2\/posts"}],"about":[{"href":"https:\/\/www.ulcgtivry.fr\/blog\/wp-json\/wp\/v2\/types\/post"}],"author":[{"embeddable":true,"href":"https:\/\/www.ulcgtivry.fr\/blog\/wp-json\/wp\/v2\/users\/1"}],"replies":[{"embeddable":true,"href":"https:\/\/www.ulcgtivry.fr\/blog\/wp-json\/wp\/v2\/comments?post=970"}],"version-history":[{"count":0,"href":"https:\/\/www.ulcgtivry.fr\/blog\/wp-json\/wp\/v2\/posts\/970\/revisions"}],"wp:attachment":[{"href":"https:\/\/www.ulcgtivry.fr\/blog\/wp-json\/wp\/v2\/media?parent=970"}],"wp:term":[{"taxonomy":"category","embeddable":true,"href":"https:\/\/www.ulcgtivry.fr\/blog\/wp-json\/wp\/v2\/categories?post=970"},{"taxonomy":"post_tag","embeddable":true,"href":"https:\/\/www.ulcgtivry.fr\/blog\/wp-json\/wp\/v2\/tags?post=970"}],"curies":[{"name":"wp","href":"https:\/\/api.w.org\/{rel}","templated":true}]}}