{"id":985,"date":"2022-09-20T07:34:51","date_gmt":"2022-09-20T05:34:51","guid":{"rendered":"https:\/\/www.ulcgtivry.fr\/blog\/?p=985"},"modified":"2022-09-20T07:34:51","modified_gmt":"2022-09-20T05:34:51","slug":"uberisation-enjeux-et-perspectives-debat-avec-pascal-savoldelli-senateur-du-val-de-marne","status":"publish","type":"post","link":"https:\/\/www.ulcgtivry.fr\/blog\/2022\/09\/uberisation-enjeux-et-perspectives-debat-avec-pascal-savoldelli-senateur-du-val-de-marne\/","title":{"rendered":"Ub\u00e9risation : enjeux et perspectives <br> D\u00e9bat avec Pascal SAVOLDELLI, s\u00e9nateur du Val-de-Marne"},"content":{"rendered":"<p>Pascal SAVOLDELLI, s\u00e9nateur du Val-de-Marne, et l&rsquo;Union locale CGT d&rsquo;Ivry\/Charenton\/Saint-Maurice\/Maisons-Alfort\/Alfortville vous invitent \u00e0 \u00e9changer, vous informer et r\u00e9fl\u00e9chir autour de la question de l\u2019ub\u00e9risation de notre soci\u00e9t\u00e9. <\/p>\n<p><center><\/p>\n<h5>vendredi 23 septembre \u00e0 19 h<br \/>\nsalle 2 de l\u2019Espace Robespierre \u00e0 Ivry\/Seine. <\/h5>\n<p> <\/center><\/p>\n<p><a href=\"https:\/\/www.ulcgtivry.fr\/blog\/wp-content\/uploads\/2022_uploads\/220923_Invitations-Debat_Savoldelli.jpeg\"><img loading=\"lazy\" decoding=\"async\" src=\"https:\/\/www.ulcgtivry.fr\/blog\/wp-content\/uploads\/2022_uploads\/220923_Invitations-Debat_Savoldelli.jpeg\" alt=\"Ub\u00e9risation : enjeux et perspectives\" width=\"300\" height=\"250\" class=\"alignright\"\/><\/a> Touchant d\u2019abord les taxis, l\u2019ub\u00e9risation s\u2019observe d\u00e9sormais dans de nombreux domaines de l\u2019\u00e9conomie. Si les avantages de ce mod\u00e8le semblent nombreux, il est important de s\u2019interroger sur la fa\u00e7on dont notre soci\u00e9t\u00e9 pourrait en subir les cons\u00e9quences. <\/p>\n<p>Affectant notamment le statut de l&#8217;emploi, les conditions de travail, le rapport \u00e0 l&rsquo;espace et au temps de travail et bien souvent les protections li\u00e9es au salariat, la flexibilisation du march\u00e9 de l\u2019emploi impuls\u00e9 par l\u2019ub\u00e9risation repr\u00e9sente une menace pour le droit du travail. <\/p>\n<p>Plus qu\u2019un mod\u00e8le \u00e9conomique, l\u2019ub\u00e9risation rappelle qu&rsquo;il est urgent de penser la soci\u00e9t\u00e9 que nous voulons, puis d&rsquo;agir pour la construire. Car pourquoi faudrait-il adouber l&rsquo;uberisation de l&rsquo;\u00e9conomie sans en interroger l&rsquo;id\u00e9ologie et les effets d\u00e9l\u00e9t\u00e8res \u00e0 long terme ?<\/p>\n<p>Au regard des enjeux soulev\u00e9s, nous vous invitons \u00e0 r\u00e9fl\u00e9chir aux alternatives possibles \u00e0 ce ph\u00e9nom\u00e8ne dans un cadre de partage et de discussion. <\/p>\n","protected":false},"excerpt":{"rendered":"<p>Pascal SAVOLDELLI, s\u00e9nateur du Val-de-Marne, et l&rsquo;Union locale CGT d&rsquo;Ivry\/Charenton\/Saint-Maurice\/Maisons-Alfort\/Alfortville vous invitent \u00e0 \u00e9changer, vous informer et r\u00e9fl\u00e9chir autour de la question de l\u2019ub\u00e9risation de&hellip; <\/p>\n","protected":false},"author":1,"featured_media":0,"comment_status":"closed","ping_status":"closed","sticky":false,"template":"","format":"standard","meta":{"ngg_post_thumbnail":0,"_jetpack_memberships_contains_paid_content":false,"footnotes":"","_links_to":"","_links_to_target":""},"categories":[3,4],"tags":[],"class_list":["post-985","post","type-post","status-publish","format-standard","hentry","category-actualite","category-evenements"],"jetpack_featured_media_url":"","jetpack_sharing_enabled":true,"_links":{"self":[{"href":"https:\/\/www.ulcgtivry.fr\/blog\/wp-json\/wp\/v2\/posts\/985","targetHints":{"allow":["GET"]}}],"collection":[{"href":"https:\/\/www.ulcgtivry.fr\/blog\/wp-json\/wp\/v2\/posts"}],"about":[{"href":"https:\/\/www.ulcgtivry.fr\/blog\/wp-json\/wp\/v2\/types\/post"}],"author":[{"embeddable":true,"href":"https:\/\/www.ulcgtivry.fr\/blog\/wp-json\/wp\/v2\/users\/1"}],"replies":[{"embeddable":true,"href":"https:\/\/www.ulcgtivry.fr\/blog\/wp-json\/wp\/v2\/comments?post=985"}],"version-history":[{"count":0,"href":"https:\/\/www.ulcgtivry.fr\/blog\/wp-json\/wp\/v2\/posts\/985\/revisions"}],"wp:attachment":[{"href":"https:\/\/www.ulcgtivry.fr\/blog\/wp-json\/wp\/v2\/media?parent=985"}],"wp:term":[{"taxonomy":"category","embeddable":true,"href":"https:\/\/www.ulcgtivry.fr\/blog\/wp-json\/wp\/v2\/categories?post=985"},{"taxonomy":"post_tag","embeddable":true,"href":"https:\/\/www.ulcgtivry.fr\/blog\/wp-json\/wp\/v2\/tags?post=985"}],"curies":[{"name":"wp","href":"https:\/\/api.w.org\/{rel}","templated":true}]}}