{"id":989,"date":"2022-09-23T15:50:28","date_gmt":"2022-09-23T13:50:28","guid":{"rendered":"https:\/\/www.ulcgtivry.fr\/blog\/?p=989"},"modified":"2022-09-30T19:46:14","modified_gmt":"2022-09-30T17:46:14","slug":"le-29-septembre-en-greve-et-dans-la-rue","status":"publish","type":"post","link":"https:\/\/www.ulcgtivry.fr\/blog\/2022\/09\/le-29-septembre-en-greve-et-dans-la-rue\/","title":{"rendered":"Le 29 septembre, en gr\u00e8ve et dans la rue !"},"content":{"rendered":"<p><a href=\"https:\/\/www.ulcgtivry.fr\/blog\/wp-content\/uploads\/2022_uploads\/220929_manif.jpg\"><img loading=\"lazy\" decoding=\"async\" src=\"https:\/\/www.ulcgtivry.fr\/blog\/wp-content\/uploads\/2022_uploads\/220929_manif.jpg\" alt=\"manifestation 29 septembre 22 \" width=\"300\" height=\"250\" class=\"alignright\"\/><\/a> Le 29 septembre, \u00e0 l\u2019appel de la CGT, de la FSU, de Solidaires et des organisations de jeunesse UNEF, FIDL, VL, MNL, les travailleur.ses seront en gr\u00e8ve et descendront dans la rue pour revendiquer l&rsquo;augmentation des salaires, pensions et allocations. <\/p>\n<p>Contre la vie ch\u00e8re et la taxation imm\u00e9diate des profits et du capital, ils et elles se retrouveront<br \/>\n<center><font color=\"#FF0000\">\u00e0 14 heures \u00e0 Denfert-Rochereau.<\/font><\/center> <\/p>\n<p>Plusieurs rassemblements et d\u00e9parts collectifs sont pr\u00e9vus : <\/p>\n<ul>\n<li> rassemblement \u00e0 10 h, 55 avenue Ledru Rollin \u00e0 Ivry\/Seine, pour soutenir les salari\u00e9s du SAMU social en gr\u00e8ve ;<\/li>\n<li> rendez-vous \u00e0 13 heures devant la Mairie d&rsquo;Ivry\/Seine ;<\/li>\n<li> rendez-vous \u00e0 13 heures au m\u00e9tro Charenton-\u00c9coles, sortie rue Gabrielle.<\/li>\n<\/ul>\n<p>R\u00e9ussir cette journ\u00e9e sera le point de d\u00e9part pour cr\u00e9er le rapport de force n\u00e9cessaire pour augmenter les salaires et les retraites.<\/p>\n","protected":false},"excerpt":{"rendered":"<p>Le 29 septembre, \u00e0 l\u2019appel de la CGT, de la FSU, de Solidaires et des organisations de jeunesse UNEF, FIDL, VL, MNL, les travailleur.ses seront&hellip; <\/p>\n","protected":false},"author":1,"featured_media":0,"comment_status":"closed","ping_status":"closed","sticky":false,"template":"","format":"standard","meta":{"ngg_post_thumbnail":0,"_jetpack_memberships_contains_paid_content":false,"footnotes":"","_links_to":"","_links_to_target":""},"categories":[3,4],"tags":[45,56,48,20],"class_list":["post-989","post","type-post","status-publish","format-standard","hentry","category-actualite","category-evenements","tag-luttes","tag-pouvoir-dachat","tag-retraites","tag-salaires"],"jetpack_featured_media_url":"","jetpack_sharing_enabled":true,"_links":{"self":[{"href":"https:\/\/www.ulcgtivry.fr\/blog\/wp-json\/wp\/v2\/posts\/989","targetHints":{"allow":["GET"]}}],"collection":[{"href":"https:\/\/www.ulcgtivry.fr\/blog\/wp-json\/wp\/v2\/posts"}],"about":[{"href":"https:\/\/www.ulcgtivry.fr\/blog\/wp-json\/wp\/v2\/types\/post"}],"author":[{"embeddable":true,"href":"https:\/\/www.ulcgtivry.fr\/blog\/wp-json\/wp\/v2\/users\/1"}],"replies":[{"embeddable":true,"href":"https:\/\/www.ulcgtivry.fr\/blog\/wp-json\/wp\/v2\/comments?post=989"}],"version-history":[{"count":0,"href":"https:\/\/www.ulcgtivry.fr\/blog\/wp-json\/wp\/v2\/posts\/989\/revisions"}],"wp:attachment":[{"href":"https:\/\/www.ulcgtivry.fr\/blog\/wp-json\/wp\/v2\/media?parent=989"}],"wp:term":[{"taxonomy":"category","embeddable":true,"href":"https:\/\/www.ulcgtivry.fr\/blog\/wp-json\/wp\/v2\/categories?post=989"},{"taxonomy":"post_tag","embeddable":true,"href":"https:\/\/www.ulcgtivry.fr\/blog\/wp-json\/wp\/v2\/tags?post=989"}],"curies":[{"name":"wp","href":"https:\/\/api.w.org\/{rel}","templated":true}]}}