{"id":995,"date":"2022-09-23T17:40:27","date_gmt":"2022-09-23T15:40:27","guid":{"rendered":"https:\/\/www.ulcgtivry.fr\/blog\/?p=995"},"modified":"2022-10-14T13:48:20","modified_gmt":"2022-10-14T11:48:20","slug":"le-gouvernement-veut-imposer-une-reforme-des-retraites-ideologique","status":"publish","type":"post","link":"https:\/\/www.ulcgtivry.fr\/blog\/2022\/09\/le-gouvernement-veut-imposer-une-reforme-des-retraites-ideologique\/","title":{"rendered":"Le gouvernement veut imposer une r\u00e9forme des retraites id\u00e9ologique"},"content":{"rendered":"<p>Les comptes des retraites ne sont pas d\u00e9ficitaires, le syst\u00e8me est m\u00eame exc\u00e9dentaire en 2021 et 2022 selon le dernier rapport du Conseil d\u2019orientation des retraites. Et pourtant, le gouvernement veut passer sa r\u00e9forme en force et dans l\u2019urgence. Contre l\u2019avis des syndicats, des Fran\u00e7ais et du patronat.<\/p>\n<h4> Pourquoi imposer une r\u00e9forme co\u00fbte que co\u00fbte et contre l\u2019avis g\u00e9n\u00e9ral, si ce n\u2019est par pure id\u00e9ologie lib\u00e9rale ? <\/h4>\n<p>O\u00f9 est l\u2019urgence ? Le retour \u00e0 l\u2019\u00e9quilibre du syst\u00e8me des retraites est act\u00e9 par le rapport annuel du Conseil d\u2019orientation des retraites (COR) publi\u00e9 mi-septembre qui d\u00e9ment les proph\u00e9ties de d\u00e9ficit du gouvernement. Selon ses auteurs, le r\u00e9gime est exc\u00e9dentaire de pr\u00e8s de 900 M\u20ac en 2021 et pour 2022, l\u2019exc\u00e9dent pourrait atteindre 3,2 Mds \u20ac gr\u00e2ce \u00e0 la reprise de l\u2019activit\u00e9 \u00e9conomique apr\u00e8s la crise sanitaire de 2020.<\/p>\n<p>Lire la suite sur <a href=\"https:\/\/www.cgt.fr\/actualites\/france\/retraite\/mobilisation-legislation\/le-gouvernement-veut-imposer-une-reforme-des-retraites-ideologique\">le site de la CGT<\/a><\/p>\n","protected":false},"excerpt":{"rendered":"<p>Les comptes des retraites ne sont pas d\u00e9ficitaires, le syst\u00e8me est m\u00eame exc\u00e9dentaire en 2021 et 2022 selon le dernier rapport du Conseil d\u2019orientation des&hellip; <\/p>\n","protected":false},"author":1,"featured_media":0,"comment_status":"closed","ping_status":"closed","sticky":false,"template":"","format":"standard","meta":{"ngg_post_thumbnail":0,"_jetpack_memberships_contains_paid_content":false,"footnotes":"","_links_to":"","_links_to_target":""},"categories":[3,47],"tags":[48],"class_list":["post-995","post","type-post","status-publish","format-standard","hentry","category-actualite","category-retraites","tag-retraites"],"jetpack_featured_media_url":"","jetpack_sharing_enabled":true,"_links":{"self":[{"href":"https:\/\/www.ulcgtivry.fr\/blog\/wp-json\/wp\/v2\/posts\/995","targetHints":{"allow":["GET"]}}],"collection":[{"href":"https:\/\/www.ulcgtivry.fr\/blog\/wp-json\/wp\/v2\/posts"}],"about":[{"href":"https:\/\/www.ulcgtivry.fr\/blog\/wp-json\/wp\/v2\/types\/post"}],"author":[{"embeddable":true,"href":"https:\/\/www.ulcgtivry.fr\/blog\/wp-json\/wp\/v2\/users\/1"}],"replies":[{"embeddable":true,"href":"https:\/\/www.ulcgtivry.fr\/blog\/wp-json\/wp\/v2\/comments?post=995"}],"version-history":[{"count":0,"href":"https:\/\/www.ulcgtivry.fr\/blog\/wp-json\/wp\/v2\/posts\/995\/revisions"}],"wp:attachment":[{"href":"https:\/\/www.ulcgtivry.fr\/blog\/wp-json\/wp\/v2\/media?parent=995"}],"wp:term":[{"taxonomy":"category","embeddable":true,"href":"https:\/\/www.ulcgtivry.fr\/blog\/wp-json\/wp\/v2\/categories?post=995"},{"taxonomy":"post_tag","embeddable":true,"href":"https:\/\/www.ulcgtivry.fr\/blog\/wp-json\/wp\/v2\/tags?post=995"}],"curies":[{"name":"wp","href":"https:\/\/api.w.org\/{rel}","templated":true}]}}