{"id":999,"date":"2022-09-27T21:00:08","date_gmt":"2022-09-27T19:00:08","guid":{"rendered":"https:\/\/www.ulcgtivry.fr\/blog\/?p=999"},"modified":"2022-09-27T21:00:08","modified_gmt":"2022-09-27T19:00:08","slug":"uberisation-compte-rendu-du-debat-avec-pascal-savoldelli-et-stephane-fustec","status":"publish","type":"post","link":"https:\/\/www.ulcgtivry.fr\/blog\/2022\/09\/uberisation-compte-rendu-du-debat-avec-pascal-savoldelli-et-stephane-fustec\/","title":{"rendered":"Ub\u00e9risation : compte rendu du d\u00e9bat avec Pascal SAVOLDELLI et St\u00e9phane FUSTEC"},"content":{"rendered":"<p><center><\/p>\n<h5> Ub\u00e9risation : enjeux et perspectives<br \/>\nD\u00e9bat avec Pascal SAVOLDELLI, s\u00e9nateur du Val-de-Marne<br \/>\net St\u00e9phane FUSTEC, de la f\u00e9d\u00e9ration CGT commerces et services. <\/h5>\n<p> <\/center><\/p>\n<p>Le 23 septembre, l&rsquo;union locale CGT Ivry\/Charenton\/St-Maurice\/Maisons-Alfort\/Alforville a accueilli Pascal Savoldelli et St\u00e9phane Fustec \u00e0 l\u2019Espace Robespierre \u00e0 Ivry\/Seine. <\/p>\n<p><a href=\"https:\/\/www.ulcgtivry.fr\/blog\/wp-content\/uploads\/2022_uploads\/220923_Uberisation-enjeux_perspectives.jpg\"><img loading=\"lazy\" decoding=\"async\" src=\"https:\/\/www.ulcgtivry.fr\/blog\/wp-content\/uploads\/2022_uploads\/220923_Uberisation-enjeux_perspectives.jpg\" alt=\"Uberisation\" width=\"250\" height=\"300\" class=\"alignright\"\/><\/a> Pascal Savoldelli indique d&#8217;embl\u00e9e que, ce qu&rsquo;il nomme la plateformisation des activit\u00e9s, ne cr\u00e9e pas d&#8217;emplois ; elle ne fait que conc\u00e9der de l&rsquo;activit\u00e9 \u00e0 des tiers, en l&rsquo;occurrence des travailleurs qui assument tous les risques et doivent eux-m\u00eames acqu\u00e9rir leur outil de travail (v\u00e9lo, scooter, t\u00e9l\u00e9phone&#8230;).<\/p>\n<p>Ces travailleurs \u00ab\u00a0ind\u00e9pendants\u00a0\u00bb ne b\u00e9n\u00e9ficient d&rsquo;aucune allocation ch\u00f4mage, protection sociale, formation et bien s\u00fbr ne cotisent pas pour la retraite ! Cette \u00e9volution pr\u00e9pare la faillite du syst\u00e8me de s\u00e9curit\u00e9 sociale, puisque ces plateformes ne versent aucune cotisation au syst\u00e8me de protection sociale.<\/p>\n<p>Il note ensuite que le capitalisme, en s&rsquo;accaparant des outils num\u00e9riques, modifie en profondeur les liens entre  le client et le prestataire. En s&rsquo;appuyant sur l&rsquo;image n\u00e9gative du salariat, on fait miroiter une plus grande autonomie et ind\u00e9pendance aux travailleurs, alors qu&rsquo;il s&rsquo;agit d&rsquo;autonomie et d&rsquo;ind\u00e9pendance contr\u00f4l\u00e9es par des moyens technologiques : minutage des courses, d\u00e9lai pour accomplir une t\u00e2che. Ce n&rsquo;est plus un humain qui donne des consignes, mais les algorithmes via les t\u00e9l\u00e9phones&#8230;<\/p>\n<p>St\u00e9phane Fustec note quant \u00e0 lui que le march\u00e9 des services \u00e0 la personne repr\u00e9sente le 3\u00e8me secteur de l&rsquo;ub\u00e9risation, apr\u00e8s les transports et l&rsquo;alimentaire. Il cite par exemple les 100 000 nuit\u00e9es d&rsquo;Airbnb et les cons\u00e9quences sur l&rsquo;h\u00f4tellerie, et attire l&rsquo;attention sur les dangers que repr\u00e9sente le \u00ab\u00a0choix\u00a0\u00bb par un algorithme de celui ou celle qui garderait un enfant ou interviendrait aupr\u00e8s d&rsquo;une personne \u00e2g\u00e9e.<\/p>\n<p>T\u00e9l\u00e9charger le <a href=\"https:\/\/www.ulcgtivry.fr\/blog\/wp-content\/uploads\/2022_uploads\/220923_Uberisation-enjeux_perspectives.pdf\" target=\"_blank\" rel=\"noopener\">compte-rendu du d\u00e9bat<\/a>.<\/p>\n","protected":false},"excerpt":{"rendered":"<p>Ub\u00e9risation : enjeux et perspectives D\u00e9bat avec Pascal SAVOLDELLI, s\u00e9nateur du Val-de-Marne et St\u00e9phane FUSTEC, de la f\u00e9d\u00e9ration CGT commerces et services. Le 23 septembre,&hellip; <\/p>\n","protected":false},"author":1,"featured_media":0,"comment_status":"closed","ping_status":"closed","sticky":false,"template":"","format":"standard","meta":{"ngg_post_thumbnail":0,"_jetpack_memberships_contains_paid_content":false,"footnotes":"","_links_to":"","_links_to_target":""},"categories":[4],"tags":[54],"class_list":["post-999","post","type-post","status-publish","format-standard","hentry","category-evenements","tag-numerique"],"jetpack_featured_media_url":"","jetpack_sharing_enabled":true,"_links":{"self":[{"href":"https:\/\/www.ulcgtivry.fr\/blog\/wp-json\/wp\/v2\/posts\/999","targetHints":{"allow":["GET"]}}],"collection":[{"href":"https:\/\/www.ulcgtivry.fr\/blog\/wp-json\/wp\/v2\/posts"}],"about":[{"href":"https:\/\/www.ulcgtivry.fr\/blog\/wp-json\/wp\/v2\/types\/post"}],"author":[{"embeddable":true,"href":"https:\/\/www.ulcgtivry.fr\/blog\/wp-json\/wp\/v2\/users\/1"}],"replies":[{"embeddable":true,"href":"https:\/\/www.ulcgtivry.fr\/blog\/wp-json\/wp\/v2\/comments?post=999"}],"version-history":[{"count":0,"href":"https:\/\/www.ulcgtivry.fr\/blog\/wp-json\/wp\/v2\/posts\/999\/revisions"}],"wp:attachment":[{"href":"https:\/\/www.ulcgtivry.fr\/blog\/wp-json\/wp\/v2\/media?parent=999"}],"wp:term":[{"taxonomy":"category","embeddable":true,"href":"https:\/\/www.ulcgtivry.fr\/blog\/wp-json\/wp\/v2\/categories?post=999"},{"taxonomy":"post_tag","embeddable":true,"href":"https:\/\/www.ulcgtivry.fr\/blog\/wp-json\/wp\/v2\/tags?post=999"}],"curies":[{"name":"wp","href":"https:\/\/api.w.org\/{rel}","templated":true}]}}